{"id":7467,"date":"2018-10-24T18:08:43","date_gmt":"2018-10-24T18:08:43","guid":{"rendered":"http:\/\/face.unt.edu.ar\/web\/?p=7467"},"modified":"2018-10-24T17:21:44","modified_gmt":"2018-10-24T17:21:44","slug":"acto-de-cierre-de-la-diplomatura-de-matematica","status":"publish","type":"post","link":"https:\/\/face.unt.edu.ar\/web\/blog\/acto-de-cierre-de-la-diplomatura-de-matematica\/","title":{"rendered":"Acto de Cierre de la Diplomatura de Matem\u00e1tica"},"content":{"rendered":"<p>Se realiz\u00f3 el Acto de Cierre de la Diplomatura de Matem\u00e1tica, que nuestra Facultad dicta en Santa Mar\u00eda, con entrega de Certificados.<\/p>\n<p>Estuvieron presentes, la directora de la Diplomatura, Prof. Mar\u00eda Ang\u00e9lica P\u00e9rez de Del Negro, la rectora del Instituto de Estudios Superiores Santa Mar\u00eda, Prof. Stella Maris Cisneros, docentes de ambas instituciones y alumnos.<\/p>\n<p>Se trata de una ctividad de Extensi\u00f3n que la Facultad viene desarrollando desde hace a\u00f1os atr\u00e1s, mediante docentes de Matem\u00e1tica.<\/p>\n<p>&nbsp;<\/p>\n<p><a href=\"http:\/\/face.unt.edu.ar\/web\/wp-content\/uploads\/2018\/10\/WhatsApp-Image-2018-10-20-at-7.15.23-AM.jpeg\"><img decoding=\"async\" loading=\"lazy\" class=\"wp-image-7468 aligncenter\" src=\"http:\/\/face.unt.edu.ar\/web\/wp-content\/uploads\/2018\/10\/WhatsApp-Image-2018-10-20-at-7.15.23-AM-300x200.jpeg\" alt=\"\" width=\"468\" height=\"313\" srcset=\"https:\/\/face.unt.edu.ar\/web\/wp-content\/uploads\/2018\/10\/WhatsApp-Image-2018-10-20-at-7.15.23-AM-300x200.jpeg 300w, https:\/\/face.unt.edu.ar\/web\/wp-content\/uploads\/2018\/10\/WhatsApp-Image-2018-10-20-at-7.15.23-AM-768x512.jpeg 768w, https:\/\/face.unt.edu.ar\/web\/wp-content\/uploads\/2018\/10\/WhatsApp-Image-2018-10-20-at-7.15.23-AM-1024x683.jpeg 1024w, https:\/\/face.unt.edu.ar\/web\/wp-content\/uploads\/2018\/10\/WhatsApp-Image-2018-10-20-at-7.15.23-AM-696x464.jpeg 696w, https:\/\/face.unt.edu.ar\/web\/wp-content\/uploads\/2018\/10\/WhatsApp-Image-2018-10-20-at-7.15.23-AM-1068x713.jpeg 1068w, https:\/\/face.unt.edu.ar\/web\/wp-content\/uploads\/2018\/10\/WhatsApp-Image-2018-10-20-at-7.15.23-AM-629x420.jpeg 629w, https:\/\/face.unt.edu.ar\/web\/wp-content\/uploads\/2018\/10\/WhatsApp-Image-2018-10-20-at-7.15.23-AM.jpeg 1124w\" sizes=\"(max-width: 468px) 100vw, 468px\" \/><\/a> <a href=\"http:\/\/face.unt.edu.ar\/web\/wp-content\/uploads\/2018\/10\/WhatsApp-Image-2018-10-20-at-7.16.00-AM.jpeg\"><img decoding=\"async\" loading=\"lazy\" class=\"wp-image-7469 aligncenter\" src=\"http:\/\/face.unt.edu.ar\/web\/wp-content\/uploads\/2018\/10\/WhatsApp-Image-2018-10-20-at-7.16.00-AM-300x200.jpeg\" alt=\"\" width=\"472\" height=\"314\" srcset=\"https:\/\/face.unt.edu.ar\/web\/wp-content\/uploads\/2018\/10\/WhatsApp-Image-2018-10-20-at-7.16.00-AM-300x200.jpeg 300w, https:\/\/face.unt.edu.ar\/web\/wp-content\/uploads\/2018\/10\/WhatsApp-Image-2018-10-20-at-7.16.00-AM-768x512.jpeg 768w, https:\/\/face.unt.edu.ar\/web\/wp-content\/uploads\/2018\/10\/WhatsApp-Image-2018-10-20-at-7.16.00-AM-1024x683.jpeg 1024w, https:\/\/face.unt.edu.ar\/web\/wp-content\/uploads\/2018\/10\/WhatsApp-Image-2018-10-20-at-7.16.00-AM-696x464.jpeg 696w, https:\/\/face.unt.edu.ar\/web\/wp-content\/uploads\/2018\/10\/WhatsApp-Image-2018-10-20-at-7.16.00-AM-1068x713.jpeg 1068w, https:\/\/face.unt.edu.ar\/web\/wp-content\/uploads\/2018\/10\/WhatsApp-Image-2018-10-20-at-7.16.00-AM-629x420.jpeg 629w, https:\/\/face.unt.edu.ar\/web\/wp-content\/uploads\/2018\/10\/WhatsApp-Image-2018-10-20-at-7.16.00-AM.jpeg 1124w\" sizes=\"(max-width: 472px) 100vw, 472px\" \/><\/a> <a href=\"http:\/\/face.unt.edu.ar\/web\/wp-content\/uploads\/2018\/10\/WhatsApp-Image-2018-10-20-at-7.16.41-AM.jpeg\"><img decoding=\"async\" loading=\"lazy\" class=\"wp-image-7470 aligncenter\" src=\"http:\/\/face.unt.edu.ar\/web\/wp-content\/uploads\/2018\/10\/WhatsApp-Image-2018-10-20-at-7.16.41-AM-300x200.jpeg\" alt=\"\" width=\"489\" height=\"326\" srcset=\"https:\/\/face.unt.edu.ar\/web\/wp-content\/uploads\/2018\/10\/WhatsApp-Image-2018-10-20-at-7.16.41-AM-300x200.jpeg 300w, https:\/\/face.unt.edu.ar\/web\/wp-content\/uploads\/2018\/10\/WhatsApp-Image-2018-10-20-at-7.16.41-AM-768x512.jpeg 768w, https:\/\/face.unt.edu.ar\/web\/wp-content\/uploads\/2018\/10\/WhatsApp-Image-2018-10-20-at-7.16.41-AM-1024x683.jpeg 1024w, https:\/\/face.unt.edu.ar\/web\/wp-content\/uploads\/2018\/10\/WhatsApp-Image-2018-10-20-at-7.16.41-AM-696x464.jpeg 696w, https:\/\/face.unt.edu.ar\/web\/wp-content\/uploads\/2018\/10\/WhatsApp-Image-2018-10-20-at-7.16.41-AM-1068x713.jpeg 1068w, https:\/\/face.unt.edu.ar\/web\/wp-content\/uploads\/2018\/10\/WhatsApp-Image-2018-10-20-at-7.16.41-AM-629x420.jpeg 629w, https:\/\/face.unt.edu.ar\/web\/wp-content\/uploads\/2018\/10\/WhatsApp-Image-2018-10-20-at-7.16.41-AM.jpeg 1124w\" sizes=\"(max-width: 489px) 100vw, 489px\" \/><\/a><\/p>\n<p>&nbsp;<\/p>\n","protected":false},"excerpt":{"rendered":"<p>Se realiz\u00f3 el Acto de Cierre de la Diplomatura de Matem\u00e1tica, que nuestra Facultad dicta en Santa Mar\u00eda, con entrega de Certificados. Estuvieron presentes, la directora de la Diplomatura, Prof. Mar\u00eda Ang\u00e9lica P\u00e9rez de Del Negro, la rectora del Instituto de Estudios Superiores Santa Mar\u00eda, Prof. Stella Maris Cisneros, docentes de ambas instituciones y alumnos. [&hellip;]<\/p>\n","protected":false},"author":2,"featured_media":7471,"comment_status":"open","ping_status":"open","sticky":false,"template":"","format":"standard","meta":{"_et_pb_use_builder":"","_et_pb_old_content":"","_et_gb_content_width":"","footnotes":""},"categories":[4],"tags":[],"_links":{"self":[{"href":"https:\/\/face.unt.edu.ar\/web\/wp-json\/wp\/v2\/posts\/7467"}],"collection":[{"href":"https:\/\/face.unt.edu.ar\/web\/wp-json\/wp\/v2\/posts"}],"about":[{"href":"https:\/\/face.unt.edu.ar\/web\/wp-json\/wp\/v2\/types\/post"}],"author":[{"embeddable":true,"href":"https:\/\/face.unt.edu.ar\/web\/wp-json\/wp\/v2\/users\/2"}],"replies":[{"embeddable":true,"href":"https:\/\/face.unt.edu.ar\/web\/wp-json\/wp\/v2\/comments?post=7467"}],"version-history":[{"count":1,"href":"https:\/\/face.unt.edu.ar\/web\/wp-json\/wp\/v2\/posts\/7467\/revisions"}],"predecessor-version":[{"id":7472,"href":"https:\/\/face.unt.edu.ar\/web\/wp-json\/wp\/v2\/posts\/7467\/revisions\/7472"}],"wp:featuredmedia":[{"embeddable":true,"href":"https:\/\/face.unt.edu.ar\/web\/wp-json\/wp\/v2\/media\/7471"}],"wp:attachment":[{"href":"https:\/\/face.unt.edu.ar\/web\/wp-json\/wp\/v2\/media?parent=7467"}],"wp:term":[{"taxonomy":"category","embeddable":true,"href":"https:\/\/face.unt.edu.ar\/web\/wp-json\/wp\/v2\/categories?post=7467"},{"taxonomy":"post_tag","embeddable":true,"href":"https:\/\/face.unt.edu.ar\/web\/wp-json\/wp\/v2\/tags?post=7467"}],"curies":[{"name":"wp","href":"https:\/\/api.w.org\/{rel}","templated":true}]}}