{"id":7516,"date":"2018-10-28T21:49:39","date_gmt":"2018-10-28T21:49:39","guid":{"rendered":"http:\/\/face.unt.edu.ar\/web\/?p=7516"},"modified":"2018-10-28T21:49:39","modified_gmt":"2018-10-28T21:49:39","slug":"la-face-participo-de-la-capacitacion-a-agricultores-rurales-del-norte-argentino","status":"publish","type":"post","link":"https:\/\/face.unt.edu.ar\/web\/blog\/la-face-participo-de-la-capacitacion-a-agricultores-rurales-del-norte-argentino\/","title":{"rendered":"La FACE particip\u00f3 de la capacitaci\u00f3n a agricultores rurales del norte Argentino"},"content":{"rendered":"<p>La Facultad de Ciencias Econ\u00f3micas UNT realiz\u00f3 las capacitaciones dentro del Programa <strong>EMPRENDEDOR PECUARIO REGIONAL<\/strong> iniciativa de Fundaci\u00f3n Vicente Lucci\u00b8 como parte de las actividades que se desarrollan en el espacio de <strong>Econ\u00f3micas Emprende-Usina de Emprendedores<\/strong> de la Secretar\u00eda de Extensi\u00f3n y Relaciones Institucionales de la Facultad de Ciencias Econ\u00f3micas,<\/p>\n<p>Las capacitaciones estuvieron a cargo de la Coordinadora de Econ\u00f3micas Emprende <strong>Mg. Liliana Fagre<\/strong>, quien fue acompa\u00f1ada por alumnos.<\/p>\n<p>En las mismas se disert\u00f3 sobre los temas:<\/p>\n<p>Emprendedorismo \u2013 Comercializaci\u00f3n: Qu\u00e9 es un emprendedor, de d\u00f3nde surgen las ideas, en qu\u00e9 consiste la comercializaci\u00f3n: a qui\u00e9n vender, qu\u00e9 vender dentro del marco de una estrategia comercial.<\/p>\n<p>An\u00e1lisis financiero: los conceptos de Ingresos, Costos fijos y variables, ganancia, inversiones, capital de trabajo entre otros.<\/p>\n<p>En el a\u00f1o 2017 las capacitaciones fueron dadas en los Municipios de Famaill\u00e1 y Bella Vista, mientras que en el corriente a\u00f1o el municipio fue La Cocha.<\/p>\n<p>De las capacitaciones participan adem\u00e1s otras 11 organizaciones de sectores p\u00fablicos y privados, con el objetivo de promover el desarrollo productivo y laboral de la regi\u00f3n, respondiendo a las necesidades de las comunidades y fortaleciendo los mercados locales. En ese marco, 125 productores del NOA fueron formados en 11 jornadas de capacitaci\u00f3n.<\/p>\n<p><a href=\"https:\/\/www.lagaceta.com.ar\/nota\/787735\/rural\/capacitan-agricultores-rurales-norte-argentino-producir-porcinos.html\">\u00a0Informaci\u00f3n Relacionada<\/a><\/p>\n","protected":false},"excerpt":{"rendered":"<p>La Facultad de Ciencias Econ\u00f3micas UNT realiz\u00f3 las capacitaciones dentro del Programa EMPRENDEDOR PECUARIO REGIONAL iniciativa de Fundaci\u00f3n Vicente Lucci\u00b8 como parte de las actividades que se desarrollan en el espacio de Econ\u00f3micas Emprende-Usina de Emprendedores de la Secretar\u00eda de Extensi\u00f3n y Relaciones Institucionales de la Facultad de Ciencias Econ\u00f3micas, Las capacitaciones estuvieron a cargo [&hellip;]<\/p>\n","protected":false},"author":3,"featured_media":7518,"comment_status":"open","ping_status":"open","sticky":false,"template":"","format":"standard","meta":{"_et_pb_use_builder":"","_et_pb_old_content":"","_et_gb_content_width":"","footnotes":""},"categories":[4],"tags":[],"_links":{"self":[{"href":"https:\/\/face.unt.edu.ar\/web\/wp-json\/wp\/v2\/posts\/7516"}],"collection":[{"href":"https:\/\/face.unt.edu.ar\/web\/wp-json\/wp\/v2\/posts"}],"about":[{"href":"https:\/\/face.unt.edu.ar\/web\/wp-json\/wp\/v2\/types\/post"}],"author":[{"embeddable":true,"href":"https:\/\/face.unt.edu.ar\/web\/wp-json\/wp\/v2\/users\/3"}],"replies":[{"embeddable":true,"href":"https:\/\/face.unt.edu.ar\/web\/wp-json\/wp\/v2\/comments?post=7516"}],"version-history":[{"count":2,"href":"https:\/\/face.unt.edu.ar\/web\/wp-json\/wp\/v2\/posts\/7516\/revisions"}],"predecessor-version":[{"id":7519,"href":"https:\/\/face.unt.edu.ar\/web\/wp-json\/wp\/v2\/posts\/7516\/revisions\/7519"}],"wp:featuredmedia":[{"embeddable":true,"href":"https:\/\/face.unt.edu.ar\/web\/wp-json\/wp\/v2\/media\/7518"}],"wp:attachment":[{"href":"https:\/\/face.unt.edu.ar\/web\/wp-json\/wp\/v2\/media?parent=7516"}],"wp:term":[{"taxonomy":"category","embeddable":true,"href":"https:\/\/face.unt.edu.ar\/web\/wp-json\/wp\/v2\/categories?post=7516"},{"taxonomy":"post_tag","embeddable":true,"href":"https:\/\/face.unt.edu.ar\/web\/wp-json\/wp\/v2\/tags?post=7516"}],"curies":[{"name":"wp","href":"https:\/\/api.w.org\/{rel}","templated":true}]}}