{"id":7566,"date":"2018-10-31T16:54:42","date_gmt":"2018-10-31T16:54:42","guid":{"rendered":"http:\/\/face.unt.edu.ar\/web\/?p=7566"},"modified":"2018-10-31T16:55:35","modified_gmt":"2018-10-31T16:55:35","slug":"presentacion-el-libro-teoria-microeconomica-2o-ed","status":"publish","type":"post","link":"https:\/\/face.unt.edu.ar\/web\/blog\/presentacion-el-libro-teoria-microeconomica-2o-ed\/","title":{"rendered":"Presentaci\u00f3n del libro \u201cTeor\u00eda Microeconomica\u201d 2\u00ba Ed"},"content":{"rendered":"<p>La <strong>Prof<\/strong>. <strong>Lidia Rosa El\u00edas<\/strong>, presenta su libro \u201c<strong>Teor\u00eda Microeconomica\u201d<\/strong> 2\u00ba Ed.<\/p>\n<p>La presentaci\u00f3n estar\u00e1 a cargo del Lic. Santiago Miraglia y de la Lic. Cristina Mirabella y se realizar\u00e1 el mi\u00e9rcoles 7 de noviembre, \u00a0a las 9:00 horas, en el aula 16 de nuestra Facultad.<\/p>\n<p>&nbsp;<\/p>\n","protected":false},"excerpt":{"rendered":"<p>La Prof. Lidia Rosa El\u00edas, presenta su libro \u201cTeor\u00eda Microeconomica\u201d 2\u00ba Ed. La presentaci\u00f3n estar\u00e1 a cargo del Lic. Santiago Miraglia y de la Lic. Cristina Mirabella y se realizar\u00e1 el mi\u00e9rcoles 7 de noviembre, \u00a0a las 9:00 horas, en el aula 16 de nuestra Facultad. &nbsp;<\/p>\n","protected":false},"author":2,"featured_media":7567,"comment_status":"open","ping_status":"open","sticky":false,"template":"","format":"standard","meta":{"_et_pb_use_builder":"","_et_pb_old_content":"","_et_gb_content_width":"","footnotes":""},"categories":[4],"tags":[],"_links":{"self":[{"href":"https:\/\/face.unt.edu.ar\/web\/wp-json\/wp\/v2\/posts\/7566"}],"collection":[{"href":"https:\/\/face.unt.edu.ar\/web\/wp-json\/wp\/v2\/posts"}],"about":[{"href":"https:\/\/face.unt.edu.ar\/web\/wp-json\/wp\/v2\/types\/post"}],"author":[{"embeddable":true,"href":"https:\/\/face.unt.edu.ar\/web\/wp-json\/wp\/v2\/users\/2"}],"replies":[{"embeddable":true,"href":"https:\/\/face.unt.edu.ar\/web\/wp-json\/wp\/v2\/comments?post=7566"}],"version-history":[{"count":3,"href":"https:\/\/face.unt.edu.ar\/web\/wp-json\/wp\/v2\/posts\/7566\/revisions"}],"predecessor-version":[{"id":7570,"href":"https:\/\/face.unt.edu.ar\/web\/wp-json\/wp\/v2\/posts\/7566\/revisions\/7570"}],"wp:featuredmedia":[{"embeddable":true,"href":"https:\/\/face.unt.edu.ar\/web\/wp-json\/wp\/v2\/media\/7567"}],"wp:attachment":[{"href":"https:\/\/face.unt.edu.ar\/web\/wp-json\/wp\/v2\/media?parent=7566"}],"wp:term":[{"taxonomy":"category","embeddable":true,"href":"https:\/\/face.unt.edu.ar\/web\/wp-json\/wp\/v2\/categories?post=7566"},{"taxonomy":"post_tag","embeddable":true,"href":"https:\/\/face.unt.edu.ar\/web\/wp-json\/wp\/v2\/tags?post=7566"}],"curies":[{"name":"wp","href":"https:\/\/api.w.org\/{rel}","templated":true}]}}