{"id":7810,"date":"2018-12-19T02:37:09","date_gmt":"2018-12-19T02:37:09","guid":{"rendered":"http:\/\/face.unt.edu.ar\/web\/?p=7810"},"modified":"2018-12-19T02:37:09","modified_gmt":"2018-12-19T02:37:09","slug":"reunion-de-discusion-estimacion-de-brecha-salarial-para-hombres-y-mujeres","status":"publish","type":"post","link":"https:\/\/face.unt.edu.ar\/web\/blog\/reunion-de-discusion-estimacion-de-brecha-salarial-para-hombres-y-mujeres\/","title":{"rendered":"Reuni\u00f3n de Discusi\u00f3n: \u201cEstimaci\u00f3n de brecha salarial para hombres y mujeres\u00bb"},"content":{"rendered":"<p>La Facultad de Ciencias Econ\u00f3micas invita a participar de la Reuni\u00f3n de Discusi\u00f3n organizada por el Instituto de Investigaciones Econ\u00f3micas INVECO titulada\u00a0<em><strong>\u201cEstimaci\u00f3n de brecha salarial para hombres y mujeres: Evidencia Emp\u00edrica para la provincia de Tucum\u00e1n\u201d<\/strong><\/em>\u00a0a cargo de <strong>Mar\u00eda Guadalupe G\u00f3mez Alonso y Daiana Gisele Soto Fern\u00e1ndez<\/strong>.<\/p>\n<p>La misma se desarrollar\u00e1 el jueves 20 de diciembre, de 10 a 12 horas, en el Aula 7 de nuestra Casa, Av. Independencia 1900.<\/p>\n","protected":false},"excerpt":{"rendered":"<p>La Facultad de Ciencias Econ\u00f3micas invita a participar de la Reuni\u00f3n de Discusi\u00f3n organizada por el Instituto de Investigaciones Econ\u00f3micas INVECO titulada\u00a0\u201cEstimaci\u00f3n de brecha salarial para hombres y mujeres: Evidencia Emp\u00edrica para la provincia de Tucum\u00e1n\u201d\u00a0a cargo de Mar\u00eda Guadalupe G\u00f3mez Alonso y Daiana Gisele Soto Fern\u00e1ndez. La misma se desarrollar\u00e1 el jueves 20 de [&hellip;]<\/p>\n","protected":false},"author":3,"featured_media":7829,"comment_status":"open","ping_status":"open","sticky":false,"template":"","format":"standard","meta":{"_et_pb_use_builder":"","_et_pb_old_content":"","_et_gb_content_width":"","footnotes":""},"categories":[4],"tags":[],"_links":{"self":[{"href":"https:\/\/face.unt.edu.ar\/web\/wp-json\/wp\/v2\/posts\/7810"}],"collection":[{"href":"https:\/\/face.unt.edu.ar\/web\/wp-json\/wp\/v2\/posts"}],"about":[{"href":"https:\/\/face.unt.edu.ar\/web\/wp-json\/wp\/v2\/types\/post"}],"author":[{"embeddable":true,"href":"https:\/\/face.unt.edu.ar\/web\/wp-json\/wp\/v2\/users\/3"}],"replies":[{"embeddable":true,"href":"https:\/\/face.unt.edu.ar\/web\/wp-json\/wp\/v2\/comments?post=7810"}],"version-history":[{"count":2,"href":"https:\/\/face.unt.edu.ar\/web\/wp-json\/wp\/v2\/posts\/7810\/revisions"}],"predecessor-version":[{"id":7812,"href":"https:\/\/face.unt.edu.ar\/web\/wp-json\/wp\/v2\/posts\/7810\/revisions\/7812"}],"wp:featuredmedia":[{"embeddable":true,"href":"https:\/\/face.unt.edu.ar\/web\/wp-json\/wp\/v2\/media\/7829"}],"wp:attachment":[{"href":"https:\/\/face.unt.edu.ar\/web\/wp-json\/wp\/v2\/media?parent=7810"}],"wp:term":[{"taxonomy":"category","embeddable":true,"href":"https:\/\/face.unt.edu.ar\/web\/wp-json\/wp\/v2\/categories?post=7810"},{"taxonomy":"post_tag","embeddable":true,"href":"https:\/\/face.unt.edu.ar\/web\/wp-json\/wp\/v2\/tags?post=7810"}],"curies":[{"name":"wp","href":"https:\/\/api.w.org\/{rel}","templated":true}]}}