{"id":7885,"date":"2019-02-16T21:32:47","date_gmt":"2019-02-16T21:32:47","guid":{"rendered":"http:\/\/face.unt.edu.ar\/web\/?p=7885"},"modified":"2019-02-16T21:37:03","modified_gmt":"2019-02-16T21:37:03","slug":"docente-de-la-face-participa-en-un-trabajo-sobre-el-consumo-de-hortalizas-en-la-provincia","status":"publish","type":"post","link":"https:\/\/face.unt.edu.ar\/web\/blog\/docente-de-la-face-participa-en-un-trabajo-sobre-el-consumo-de-hortalizas-en-la-provincia\/","title":{"rendered":"Docente de la FACE participa en un trabajo sobre el consumo de hortalizas en la provincia"},"content":{"rendered":"<p>Un trabajo de investigaci\u00f3n conjunto entre el \u00c1rea de Econom\u00eda del <strong>INTA<\/strong> Famaill\u00e1 y la <strong>Facultad de Ciencias Econ\u00f3micas de la Universidad Nacional de Tucum\u00e1n<\/strong> revela el funcionamiento el mercado minorista de hortalizas en la Provincia de Tucum\u00e1n.<\/p>\n<p>Los licenciados en Econom\u00eda\u00a0<strong>Mariana Delgado Cordom\u00ed\u00a0<\/strong>(FACE-UNT) y <strong>Gonzalo P\u00e9rez<\/strong>\u00a0(INTA), fueron los investigadores que trabajaron en un relevamiento con informaci\u00f3n \u00fatil para comerciantes y productores.<\/p>\n<p>Mir\u00e1 aqu\u00ed la nota completa publicada en el sitio web del diario La Gaceta:<br \/>\n<span style=\"color: #0000ff\"><strong><a style=\"color: #0000ff\" href=\"https:\/\/www.lagaceta.com.ar\/nota\/798106\/economia\/tucumano-privilegia-papa-tomate-cebolla.html#_=_\">\u00abEl tucumano privilegia la papa, el tomate y la cebolla\u00bb<\/a><\/strong><\/span><\/p>\n<p>&nbsp;<\/p>\n","protected":false},"excerpt":{"rendered":"<p>Un trabajo de investigaci\u00f3n conjunto entre el \u00c1rea de Econom\u00eda del INTA Famaill\u00e1 y la Facultad de Ciencias Econ\u00f3micas de la Universidad Nacional de Tucum\u00e1n revela el funcionamiento el mercado minorista de hortalizas en la Provincia de Tucum\u00e1n. Los licenciados en Econom\u00eda\u00a0Mariana Delgado Cordom\u00ed\u00a0(FACE-UNT) y Gonzalo P\u00e9rez\u00a0(INTA), fueron los investigadores que trabajaron en un relevamiento [&hellip;]<\/p>\n","protected":false},"author":3,"featured_media":7886,"comment_status":"open","ping_status":"open","sticky":false,"template":"","format":"standard","meta":{"_et_pb_use_builder":"","_et_pb_old_content":"","_et_gb_content_width":"","footnotes":""},"categories":[4,2],"tags":[],"_links":{"self":[{"href":"https:\/\/face.unt.edu.ar\/web\/wp-json\/wp\/v2\/posts\/7885"}],"collection":[{"href":"https:\/\/face.unt.edu.ar\/web\/wp-json\/wp\/v2\/posts"}],"about":[{"href":"https:\/\/face.unt.edu.ar\/web\/wp-json\/wp\/v2\/types\/post"}],"author":[{"embeddable":true,"href":"https:\/\/face.unt.edu.ar\/web\/wp-json\/wp\/v2\/users\/3"}],"replies":[{"embeddable":true,"href":"https:\/\/face.unt.edu.ar\/web\/wp-json\/wp\/v2\/comments?post=7885"}],"version-history":[{"count":3,"href":"https:\/\/face.unt.edu.ar\/web\/wp-json\/wp\/v2\/posts\/7885\/revisions"}],"predecessor-version":[{"id":7889,"href":"https:\/\/face.unt.edu.ar\/web\/wp-json\/wp\/v2\/posts\/7885\/revisions\/7889"}],"wp:featuredmedia":[{"embeddable":true,"href":"https:\/\/face.unt.edu.ar\/web\/wp-json\/wp\/v2\/media\/7886"}],"wp:attachment":[{"href":"https:\/\/face.unt.edu.ar\/web\/wp-json\/wp\/v2\/media?parent=7885"}],"wp:term":[{"taxonomy":"category","embeddable":true,"href":"https:\/\/face.unt.edu.ar\/web\/wp-json\/wp\/v2\/categories?post=7885"},{"taxonomy":"post_tag","embeddable":true,"href":"https:\/\/face.unt.edu.ar\/web\/wp-json\/wp\/v2\/tags?post=7885"}],"curies":[{"name":"wp","href":"https:\/\/api.w.org\/{rel}","templated":true}]}}