{"id":7919,"date":"2019-02-21T14:56:44","date_gmt":"2019-02-21T14:56:44","guid":{"rendered":"http:\/\/face.unt.edu.ar\/web\/?p=7919"},"modified":"2019-02-21T14:56:44","modified_gmt":"2019-02-21T14:56:44","slug":"alumnos-de-nuestra-facultad-obtuvieron-la-beca-cin","status":"publish","type":"post","link":"https:\/\/face.unt.edu.ar\/web\/blog\/alumnos-de-nuestra-facultad-obtuvieron-la-beca-cin\/","title":{"rendered":"Alumnos de nuestra Facultad obtuvieron la Beca CIN"},"content":{"rendered":"<p>Es grato para nuestra Facultad destacar a los alumnos que obtuvieron con sus proyectos, las Becas CIN.<\/p>\n<p>El\u00a0Consejo Interuniversitario Nacional (CIN)\u00a0otorga Becas de Est\u00edmulo a las Vocaciones Cient\u00edficas (Becas EVC \u2013 CIN) para estudiantes universitarios de grado que deseen iniciar su formaci\u00f3n en investigaci\u00f3n, en el marco de proyectos de investigaci\u00f3n acreditados, que se desarrollen en el \u00e1mbito de las instituciones universitarias p\u00fablicas.<\/p>\n<p>Los trabajos seleccionados son (4 titulares y 3 suplentes):<\/p>\n<p>&nbsp;<\/p>\n<p style=\"font-weight: 400\">Titulares:<\/p>\n<p style=\"font-weight: 400\">&#8211;\u00a0\u00a0\u00a0\u00a0\u00a0\u00a0\u00a0Dana Sof\u00eda Olgu\u00edn. Directora: Dra. Mar\u00eda Jos\u00e9 Granado.<\/p>\n<p style=\"font-weight: 400\">&#8211;\u00a0\u00a0\u00a0\u00a0\u00a0\u00a0\u00a0Mariana Monserrat Cerra. Director: Dr. Esteban Nicolini.<\/p>\n<p style=\"font-weight: 400\">&#8211;\u00a0\u00a0\u00a0\u00a0\u00a0\u00a0\u00a0Florencia Mar\u00eda Dom\u00ednguez. Director: CPN Marcelo Medina Galv\u00e1n<\/p>\n<p style=\"font-weight: 400\">&#8211;\u00a0\u00a0\u00a0\u00a0\u00a0\u00a0\u00a0Paula Guillermina Marto. Director: Dr. Osvaldo Meloni.<\/p>\n<p>&nbsp;<\/p>\n<p style=\"font-weight: 400\">Suplentes:<\/p>\n<p style=\"font-weight: 400\">&#8211;\u00a0\u00a0\u00a0\u00a0\u00a0\u00a0\u00a0Romina M. Aguirre Flores. Directora: Mg. Corina Paz Ter\u00e1n.<\/p>\n<p style=\"font-weight: 400\">&#8211;\u00a0\u00a0\u00a0\u00a0\u00a0\u00a0\u00a0Mar\u00eda de la Paz D\u00edaz Avellaneda. Director: Dr. Hugo Ferullo.<\/p>\n<p style=\"font-weight: 400\">&#8211;\u00a0\u00a0\u00a0\u00a0\u00a0\u00a0\u00a0Enrique Jos\u00e9 M. Torino. Director: CPN Elisa De Rosa.<\/p>\n<p style=\"font-weight: 400\">\n<p style=\"font-weight: 400\"><a href=\"https:\/\/drive.google.com\/file\/d\/0B0Vemn6DT6jtX1ZSZnJrUS01Y3FZNlN3UkVqcXlrZTZyNDdB\/view?usp=sharing\">Resoluci\u00f3n CIN: listado de becas\u00a0<\/a><\/p>\n","protected":false},"excerpt":{"rendered":"<p>Es grato para nuestra Facultad destacar a los alumnos que obtuvieron con sus proyectos, las Becas CIN. El\u00a0Consejo Interuniversitario Nacional (CIN)\u00a0otorga Becas de Est\u00edmulo a las Vocaciones Cient\u00edficas (Becas EVC \u2013 CIN) para estudiantes universitarios de grado que deseen iniciar su formaci\u00f3n en investigaci\u00f3n, en el marco de proyectos de investigaci\u00f3n acreditados, que se desarrollen [&hellip;]<\/p>\n","protected":false},"author":2,"featured_media":7920,"comment_status":"open","ping_status":"open","sticky":false,"template":"","format":"standard","meta":{"_et_pb_use_builder":"","_et_pb_old_content":"","_et_gb_content_width":"","footnotes":""},"categories":[4],"tags":[],"_links":{"self":[{"href":"https:\/\/face.unt.edu.ar\/web\/wp-json\/wp\/v2\/posts\/7919"}],"collection":[{"href":"https:\/\/face.unt.edu.ar\/web\/wp-json\/wp\/v2\/posts"}],"about":[{"href":"https:\/\/face.unt.edu.ar\/web\/wp-json\/wp\/v2\/types\/post"}],"author":[{"embeddable":true,"href":"https:\/\/face.unt.edu.ar\/web\/wp-json\/wp\/v2\/users\/2"}],"replies":[{"embeddable":true,"href":"https:\/\/face.unt.edu.ar\/web\/wp-json\/wp\/v2\/comments?post=7919"}],"version-history":[{"count":1,"href":"https:\/\/face.unt.edu.ar\/web\/wp-json\/wp\/v2\/posts\/7919\/revisions"}],"predecessor-version":[{"id":7921,"href":"https:\/\/face.unt.edu.ar\/web\/wp-json\/wp\/v2\/posts\/7919\/revisions\/7921"}],"wp:featuredmedia":[{"embeddable":true,"href":"https:\/\/face.unt.edu.ar\/web\/wp-json\/wp\/v2\/media\/7920"}],"wp:attachment":[{"href":"https:\/\/face.unt.edu.ar\/web\/wp-json\/wp\/v2\/media?parent=7919"}],"wp:term":[{"taxonomy":"category","embeddable":true,"href":"https:\/\/face.unt.edu.ar\/web\/wp-json\/wp\/v2\/categories?post=7919"},{"taxonomy":"post_tag","embeddable":true,"href":"https:\/\/face.unt.edu.ar\/web\/wp-json\/wp\/v2\/tags?post=7919"}],"curies":[{"name":"wp","href":"https:\/\/api.w.org\/{rel}","templated":true}]}}