{"id":8298,"date":"2019-03-14T17:14:06","date_gmt":"2019-03-14T17:14:06","guid":{"rendered":"http:\/\/face.unt.edu.ar\/web\/?p=8298"},"modified":"2019-03-14T17:14:06","modified_gmt":"2019-03-14T17:14:06","slug":"se-realizara-una-reunion-de-discusion-centrada-en-el-analisis-integral-de-la-actividad-agricola","status":"publish","type":"post","link":"https:\/\/face.unt.edu.ar\/web\/blog\/se-realizara-una-reunion-de-discusion-centrada-en-el-analisis-integral-de-la-actividad-agricola\/","title":{"rendered":"Se realizar\u00e1 una Reuni\u00f3n de Discusi\u00f3n centrada en el an\u00e1lisis integral de la actividad agr\u00edcola"},"content":{"rendered":"<p style=\"font-weight: 400\">Este <strong>viernes 15 de marzo<\/strong>, tendr\u00e1 lugar en nuestra Facultad una <strong>Reuni\u00f3n de Discusi\u00f3n<\/strong> organizada por el Instituto de Investigaciones Econ\u00f3micas.<\/p>\n<p style=\"font-weight: 400\">La actividad ser\u00e1 sobre el tema:<strong>\u00a0\u201cAn\u00e1lisis Integral del sector agr\u00edcola y su incidencia en el Producto Bruto Interno. Argentina y otros pa\u00edses de Am\u00e9rica Latina (1970 \u2013 2014)\u201d. \u00a0<\/strong><\/p>\n<p style=\"font-weight: 400\">La exposici\u00f3n estar\u00e1 a cargo de <strong>Mar\u00eda Agustina Vera<\/strong> y <strong>Ailyn Jeannette Dell\u00b4Acqua<\/strong>.<\/p>\n<p style=\"font-weight: 400\">Se realizar\u00e1 a partir de las<strong> 09:00 horas<\/strong>, en el <strong>Aula 17<\/strong> de nuestra Casa de Estudios.<\/p>\n<p>&nbsp;<\/p>\n<p><a href=\"http:\/\/face.unt.edu.ar\/web\/wp-content\/uploads\/2019\/03\/When-everything-seems-to-be-going-against-you-remember-that-the-airplane-takes-off-against-the-wind-not-with-it.-1.jpg\"><img decoding=\"async\" loading=\"lazy\" class=\" wp-image-8299 aligncenter\" src=\"http:\/\/face.unt.edu.ar\/web\/wp-content\/uploads\/2019\/03\/When-everything-seems-to-be-going-against-you-remember-that-the-airplane-takes-off-against-the-wind-not-with-it.-1-300x150.jpg\" alt=\"\" width=\"518\" height=\"259\" srcset=\"https:\/\/face.unt.edu.ar\/web\/wp-content\/uploads\/2019\/03\/When-everything-seems-to-be-going-against-you-remember-that-the-airplane-takes-off-against-the-wind-not-with-it.-1-300x150.jpg 300w, https:\/\/face.unt.edu.ar\/web\/wp-content\/uploads\/2019\/03\/When-everything-seems-to-be-going-against-you-remember-that-the-airplane-takes-off-against-the-wind-not-with-it.-1-768x384.jpg 768w, https:\/\/face.unt.edu.ar\/web\/wp-content\/uploads\/2019\/03\/When-everything-seems-to-be-going-against-you-remember-that-the-airplane-takes-off-against-the-wind-not-with-it.-1.jpg 1024w, https:\/\/face.unt.edu.ar\/web\/wp-content\/uploads\/2019\/03\/When-everything-seems-to-be-going-against-you-remember-that-the-airplane-takes-off-against-the-wind-not-with-it.-1-696x348.jpg 696w, https:\/\/face.unt.edu.ar\/web\/wp-content\/uploads\/2019\/03\/When-everything-seems-to-be-going-against-you-remember-that-the-airplane-takes-off-against-the-wind-not-with-it.-1-840x420.jpg 840w\" sizes=\"(max-width: 518px) 100vw, 518px\" \/><\/a><\/p>\n","protected":false},"excerpt":{"rendered":"<p>Este viernes 15 de marzo, tendr\u00e1 lugar en nuestra Facultad una Reuni\u00f3n de Discusi\u00f3n organizada por el Instituto de Investigaciones Econ\u00f3micas. La actividad ser\u00e1 sobre el tema:\u00a0\u201cAn\u00e1lisis Integral del sector agr\u00edcola y su incidencia en el Producto Bruto Interno. Argentina y otros pa\u00edses de Am\u00e9rica Latina (1970 \u2013 2014)\u201d. \u00a0 La exposici\u00f3n estar\u00e1 a cargo [&hellip;]<\/p>\n","protected":false},"author":2,"featured_media":7298,"comment_status":"open","ping_status":"open","sticky":false,"template":"","format":"standard","meta":{"_et_pb_use_builder":"","_et_pb_old_content":"","_et_gb_content_width":"","footnotes":""},"categories":[4],"tags":[],"_links":{"self":[{"href":"https:\/\/face.unt.edu.ar\/web\/wp-json\/wp\/v2\/posts\/8298"}],"collection":[{"href":"https:\/\/face.unt.edu.ar\/web\/wp-json\/wp\/v2\/posts"}],"about":[{"href":"https:\/\/face.unt.edu.ar\/web\/wp-json\/wp\/v2\/types\/post"}],"author":[{"embeddable":true,"href":"https:\/\/face.unt.edu.ar\/web\/wp-json\/wp\/v2\/users\/2"}],"replies":[{"embeddable":true,"href":"https:\/\/face.unt.edu.ar\/web\/wp-json\/wp\/v2\/comments?post=8298"}],"version-history":[{"count":1,"href":"https:\/\/face.unt.edu.ar\/web\/wp-json\/wp\/v2\/posts\/8298\/revisions"}],"predecessor-version":[{"id":8300,"href":"https:\/\/face.unt.edu.ar\/web\/wp-json\/wp\/v2\/posts\/8298\/revisions\/8300"}],"wp:featuredmedia":[{"embeddable":true,"href":"https:\/\/face.unt.edu.ar\/web\/wp-json\/wp\/v2\/media\/7298"}],"wp:attachment":[{"href":"https:\/\/face.unt.edu.ar\/web\/wp-json\/wp\/v2\/media?parent=8298"}],"wp:term":[{"taxonomy":"category","embeddable":true,"href":"https:\/\/face.unt.edu.ar\/web\/wp-json\/wp\/v2\/categories?post=8298"},{"taxonomy":"post_tag","embeddable":true,"href":"https:\/\/face.unt.edu.ar\/web\/wp-json\/wp\/v2\/tags?post=8298"}],"curies":[{"name":"wp","href":"https:\/\/api.w.org\/{rel}","templated":true}]}}