{"id":8554,"date":"2019-04-24T16:09:48","date_gmt":"2019-04-24T16:09:48","guid":{"rendered":"http:\/\/face.unt.edu.ar\/web\/?p=8554"},"modified":"2019-04-24T16:15:21","modified_gmt":"2019-04-24T16:15:21","slug":"el-dr-paulo-falcon-dio-una-charla-sobre-la-universidad-publica-argentina-en-nuestra-facultad","status":"publish","type":"post","link":"https:\/\/face.unt.edu.ar\/web\/blog\/el-dr-paulo-falcon-dio-una-charla-sobre-la-universidad-publica-argentina-en-nuestra-facultad\/","title":{"rendered":"El Dr. Paulo Falc\u00f3n dio una charla sobre la Universidad P\u00fablica  argentina en nuestra Facultad"},"content":{"rendered":"<p style=\"font-weight: 400\">El Dr. Paulo Falc\u00f3n, Director Nacional de Gesti\u00f3n y Fiscalizaci\u00f3n Universitaria, tuvo a su cargo la charla titulada \u201cSituaci\u00f3n actual y perspectivas de la Universidad P\u00fablica argentina\u201d, de la que participaron la secretaria acad\u00e9mica de la UNT, Dra. Carolina Abdala, la secretaria de Posgrado de la Universidad, Dra. Mar\u00eda In\u00e9s G\u00f3mez, entre otras autoridades universitarias, Decanos, Vicedecanos, integrantes del gabinete de distintas Facultades de la UNT \u00a0y docentes.<\/p>\n<p style=\"font-weight: 400\">En el encuentro el Dr. Falc\u00f3n realiz\u00f3 una exposici\u00f3n sobre la mirada de la Direcci\u00f3n que tiene a su cargo, acerca de la Universidad actual y las perspectivas a futuro y hubo tambi\u00e9n espacio para preguntas y debate, lo que gener\u00f3 un importante intercambio de opiniones.<\/p>\n<p style=\"font-weight: 400\">Previamente, el Dr. Falc\u00f3n fue recibido por el Decano de la Facultad de Ciencias Econ\u00f3micas, Mg. Jos\u00e9 Luis A. Jim\u00e9nez, en una reuni\u00f3n de la que tambi\u00e9n participaron la Secretaria Administrativa de la Facultad, Cra. M\u00f3nica Delgado, el Secretario de Posgrado e Investigaci\u00f3n, Mg. Humberto D\u00b4 Arterio, la Secretaria Acad\u00e9mica de esta Casa de Estudios,\u00a0 Mg. Christine Isgro y el Secretario de Extensi\u00f3n y Relaciones Institucionales de esta Facultad, Cr. Ariel Apichela.<\/p>\n<p style=\"font-weight: 400\">La visita a nuestra Casa de Estudios se realiz\u00f3 la semana pasada.<\/p>\n<p>&nbsp;<\/p>\n<p><a href=\"http:\/\/face.unt.edu.ar\/web\/wp-content\/uploads\/2019\/04\/P1240056.jpg\"><img decoding=\"async\" loading=\"lazy\" class=\"alignnone size-medium wp-image-8557\" src=\"http:\/\/face.unt.edu.ar\/web\/wp-content\/uploads\/2019\/04\/P1240056-300x169.jpg\" alt=\"\" width=\"300\" height=\"169\" srcset=\"https:\/\/face.unt.edu.ar\/web\/wp-content\/uploads\/2019\/04\/P1240056-300x169.jpg 300w, https:\/\/face.unt.edu.ar\/web\/wp-content\/uploads\/2019\/04\/P1240056-768x432.jpg 768w, https:\/\/face.unt.edu.ar\/web\/wp-content\/uploads\/2019\/04\/P1240056-1024x576.jpg 1024w, https:\/\/face.unt.edu.ar\/web\/wp-content\/uploads\/2019\/04\/P1240056-696x392.jpg 696w, https:\/\/face.unt.edu.ar\/web\/wp-content\/uploads\/2019\/04\/P1240056-1392x783.jpg 1392w, https:\/\/face.unt.edu.ar\/web\/wp-content\/uploads\/2019\/04\/P1240056-1068x601.jpg 1068w, https:\/\/face.unt.edu.ar\/web\/wp-content\/uploads\/2019\/04\/P1240056-747x420.jpg 747w, https:\/\/face.unt.edu.ar\/web\/wp-content\/uploads\/2019\/04\/P1240056-1493x840.jpg 1493w, https:\/\/face.unt.edu.ar\/web\/wp-content\/uploads\/2019\/04\/P1240056.jpg 1920w\" sizes=\"(max-width: 300px) 100vw, 300px\" \/><\/a> <a href=\"http:\/\/face.unt.edu.ar\/web\/wp-content\/uploads\/2019\/04\/P1240068.jpg\"><img decoding=\"async\" loading=\"lazy\" class=\"alignnone size-medium wp-image-8558\" src=\"http:\/\/face.unt.edu.ar\/web\/wp-content\/uploads\/2019\/04\/P1240068-300x169.jpg\" alt=\"\" width=\"300\" height=\"169\" srcset=\"https:\/\/face.unt.edu.ar\/web\/wp-content\/uploads\/2019\/04\/P1240068-300x169.jpg 300w, https:\/\/face.unt.edu.ar\/web\/wp-content\/uploads\/2019\/04\/P1240068-768x432.jpg 768w, https:\/\/face.unt.edu.ar\/web\/wp-content\/uploads\/2019\/04\/P1240068-1024x576.jpg 1024w, https:\/\/face.unt.edu.ar\/web\/wp-content\/uploads\/2019\/04\/P1240068-696x392.jpg 696w, https:\/\/face.unt.edu.ar\/web\/wp-content\/uploads\/2019\/04\/P1240068-1392x783.jpg 1392w, https:\/\/face.unt.edu.ar\/web\/wp-content\/uploads\/2019\/04\/P1240068-1068x601.jpg 1068w, https:\/\/face.unt.edu.ar\/web\/wp-content\/uploads\/2019\/04\/P1240068-747x420.jpg 747w, https:\/\/face.unt.edu.ar\/web\/wp-content\/uploads\/2019\/04\/P1240068-1493x840.jpg 1493w, https:\/\/face.unt.edu.ar\/web\/wp-content\/uploads\/2019\/04\/P1240068.jpg 1920w\" sizes=\"(max-width: 300px) 100vw, 300px\" \/><\/a> <a href=\"http:\/\/face.unt.edu.ar\/web\/wp-content\/uploads\/2019\/04\/P1240080.jpg\"><img decoding=\"async\" loading=\"lazy\" class=\"alignnone size-medium wp-image-8559\" src=\"http:\/\/face.unt.edu.ar\/web\/wp-content\/uploads\/2019\/04\/P1240080-300x169.jpg\" alt=\"\" width=\"300\" height=\"169\" srcset=\"https:\/\/face.unt.edu.ar\/web\/wp-content\/uploads\/2019\/04\/P1240080-300x169.jpg 300w, https:\/\/face.unt.edu.ar\/web\/wp-content\/uploads\/2019\/04\/P1240080-768x432.jpg 768w, https:\/\/face.unt.edu.ar\/web\/wp-content\/uploads\/2019\/04\/P1240080-1024x576.jpg 1024w, https:\/\/face.unt.edu.ar\/web\/wp-content\/uploads\/2019\/04\/P1240080-696x392.jpg 696w, https:\/\/face.unt.edu.ar\/web\/wp-content\/uploads\/2019\/04\/P1240080-1392x783.jpg 1392w, https:\/\/face.unt.edu.ar\/web\/wp-content\/uploads\/2019\/04\/P1240080-1068x601.jpg 1068w, https:\/\/face.unt.edu.ar\/web\/wp-content\/uploads\/2019\/04\/P1240080-747x420.jpg 747w, https:\/\/face.unt.edu.ar\/web\/wp-content\/uploads\/2019\/04\/P1240080-1493x840.jpg 1493w, https:\/\/face.unt.edu.ar\/web\/wp-content\/uploads\/2019\/04\/P1240080.jpg 1920w\" sizes=\"(max-width: 300px) 100vw, 300px\" \/><\/a><\/p>\n","protected":false},"excerpt":{"rendered":"<p>El Dr. Paulo Falc\u00f3n, Director Nacional de Gesti\u00f3n y Fiscalizaci\u00f3n Universitaria, tuvo a su cargo la charla titulada \u201cSituaci\u00f3n actual y perspectivas de la Universidad P\u00fablica argentina\u201d, de la que participaron la secretaria acad\u00e9mica de la UNT, Dra. Carolina Abdala, la secretaria de Posgrado de la Universidad, Dra. Mar\u00eda In\u00e9s G\u00f3mez, entre otras autoridades universitarias, [&hellip;]<\/p>\n","protected":false},"author":2,"featured_media":8564,"comment_status":"open","ping_status":"open","sticky":false,"template":"","format":"standard","meta":{"_et_pb_use_builder":"","_et_pb_old_content":"","_et_gb_content_width":"","footnotes":""},"categories":[4],"tags":[],"_links":{"self":[{"href":"https:\/\/face.unt.edu.ar\/web\/wp-json\/wp\/v2\/posts\/8554"}],"collection":[{"href":"https:\/\/face.unt.edu.ar\/web\/wp-json\/wp\/v2\/posts"}],"about":[{"href":"https:\/\/face.unt.edu.ar\/web\/wp-json\/wp\/v2\/types\/post"}],"author":[{"embeddable":true,"href":"https:\/\/face.unt.edu.ar\/web\/wp-json\/wp\/v2\/users\/2"}],"replies":[{"embeddable":true,"href":"https:\/\/face.unt.edu.ar\/web\/wp-json\/wp\/v2\/comments?post=8554"}],"version-history":[{"count":1,"href":"https:\/\/face.unt.edu.ar\/web\/wp-json\/wp\/v2\/posts\/8554\/revisions"}],"predecessor-version":[{"id":8560,"href":"https:\/\/face.unt.edu.ar\/web\/wp-json\/wp\/v2\/posts\/8554\/revisions\/8560"}],"wp:featuredmedia":[{"embeddable":true,"href":"https:\/\/face.unt.edu.ar\/web\/wp-json\/wp\/v2\/media\/8564"}],"wp:attachment":[{"href":"https:\/\/face.unt.edu.ar\/web\/wp-json\/wp\/v2\/media?parent=8554"}],"wp:term":[{"taxonomy":"category","embeddable":true,"href":"https:\/\/face.unt.edu.ar\/web\/wp-json\/wp\/v2\/categories?post=8554"},{"taxonomy":"post_tag","embeddable":true,"href":"https:\/\/face.unt.edu.ar\/web\/wp-json\/wp\/v2\/tags?post=8554"}],"curies":[{"name":"wp","href":"https:\/\/api.w.org\/{rel}","templated":true}]}}