{"id":8568,"date":"2019-04-25T11:39:36","date_gmt":"2019-04-25T11:39:36","guid":{"rendered":"http:\/\/face.unt.edu.ar\/web\/?p=8568"},"modified":"2019-04-25T11:39:36","modified_gmt":"2019-04-25T11:39:36","slug":"taller-practico-estados-contables-en-moneda-homogenea-el-ajuste-contable-por-inflacion","status":"publish","type":"post","link":"https:\/\/face.unt.edu.ar\/web\/blog\/taller-practico-estados-contables-en-moneda-homogenea-el-ajuste-contable-por-inflacion\/","title":{"rendered":"Taller Pr\u00e1ctico \u201cEstados Contables en Moneda Homog\u00e9nea.  El ajuste contable por inflaci\u00f3n\u201d"},"content":{"rendered":"<p style=\"font-weight: 400\">Se dictar\u00e1 en nuestra Facultad, el Taller Pr\u00e1ctico \u201cEstados Contables en Moneda Homog\u00e9nea. El Ajuste Contable por inflaci\u00f3n\u201d. Tendr\u00e1 lugar el 02 de Mayo, de 16:30 a 20:30 horas, en el aula 14 de esta Facultad.<\/p>\n<p style=\"font-weight: 400\">Los disertantes que estar\u00e1n a cargo del taller son: el Cr. Jos\u00e9 Luis Romero y el Cr. Miguel Pappalardo.<\/p>\n<p style=\"font-weight: 400\">Est\u00e1 destinado a estudiantes, graduados, docentes y p\u00fablico en general interesado en la tem\u00e1tica.<\/p>\n<p style=\"font-weight: 400\">Los cupos son limitados.<\/p>\n<p style=\"font-weight: 400\">La preinscripci\u00f3n se realiza online en\u00a0<a href=\"http:\/\/bit.ly\/TallerAjusteEECC\">http:\/\/bit.ly\/TallerAjusteEECC<\/a><\/p>\n<p style=\"font-weight: 400\">La inscripci\u00f3n se completa en la Asociaci\u00f3n Cooperadora de la Facultad ya que tiene costo: $100 para estudiantes; $200 para graduados y docentes de la FACE UNT y $300 para el p\u00fablico en general.<\/p>\n<p style=\"font-weight: 400\">La organizaci\u00f3n de esta actividad est\u00e1 a cargo del Instituto de Investigaciones Contables, conjuntamente con el Centro de Graduados de nuestra Facultad.<\/p>\n<p><a href=\"http:\/\/face.unt.edu.ar\/web\/wp-content\/uploads\/2019\/04\/58950058_1247876195381239_4066997750552592384_n.jpg\"><img decoding=\"async\" loading=\"lazy\" class=\" wp-image-8569 aligncenter\" src=\"http:\/\/face.unt.edu.ar\/web\/wp-content\/uploads\/2019\/04\/58950058_1247876195381239_4066997750552592384_n-212x300.jpg\" alt=\"\" width=\"341\" height=\"483\" srcset=\"https:\/\/face.unt.edu.ar\/web\/wp-content\/uploads\/2019\/04\/58950058_1247876195381239_4066997750552592384_n-212x300.jpg 212w, https:\/\/face.unt.edu.ar\/web\/wp-content\/uploads\/2019\/04\/58950058_1247876195381239_4066997750552592384_n-297x420.jpg 297w, https:\/\/face.unt.edu.ar\/web\/wp-content\/uploads\/2019\/04\/58950058_1247876195381239_4066997750552592384_n-593x840.jpg 593w, https:\/\/face.unt.edu.ar\/web\/wp-content\/uploads\/2019\/04\/58950058_1247876195381239_4066997750552592384_n.jpg 678w\" sizes=\"(max-width: 341px) 100vw, 341px\" \/><\/a><\/p>\n","protected":false},"excerpt":{"rendered":"<p>Se dictar\u00e1 en nuestra Facultad, el Taller Pr\u00e1ctico \u201cEstados Contables en Moneda Homog\u00e9nea. El Ajuste Contable por inflaci\u00f3n\u201d. Tendr\u00e1 lugar el 02 de Mayo, de 16:30 a 20:30 horas, en el aula 14 de esta Facultad. Los disertantes que estar\u00e1n a cargo del taller son: el Cr. Jos\u00e9 Luis Romero y el Cr. Miguel Pappalardo. [&hellip;]<\/p>\n","protected":false},"author":2,"featured_media":8570,"comment_status":"open","ping_status":"open","sticky":false,"template":"","format":"standard","meta":{"_et_pb_use_builder":"","_et_pb_old_content":"","_et_gb_content_width":"","footnotes":""},"categories":[4],"tags":[],"_links":{"self":[{"href":"https:\/\/face.unt.edu.ar\/web\/wp-json\/wp\/v2\/posts\/8568"}],"collection":[{"href":"https:\/\/face.unt.edu.ar\/web\/wp-json\/wp\/v2\/posts"}],"about":[{"href":"https:\/\/face.unt.edu.ar\/web\/wp-json\/wp\/v2\/types\/post"}],"author":[{"embeddable":true,"href":"https:\/\/face.unt.edu.ar\/web\/wp-json\/wp\/v2\/users\/2"}],"replies":[{"embeddable":true,"href":"https:\/\/face.unt.edu.ar\/web\/wp-json\/wp\/v2\/comments?post=8568"}],"version-history":[{"count":1,"href":"https:\/\/face.unt.edu.ar\/web\/wp-json\/wp\/v2\/posts\/8568\/revisions"}],"predecessor-version":[{"id":8571,"href":"https:\/\/face.unt.edu.ar\/web\/wp-json\/wp\/v2\/posts\/8568\/revisions\/8571"}],"wp:featuredmedia":[{"embeddable":true,"href":"https:\/\/face.unt.edu.ar\/web\/wp-json\/wp\/v2\/media\/8570"}],"wp:attachment":[{"href":"https:\/\/face.unt.edu.ar\/web\/wp-json\/wp\/v2\/media?parent=8568"}],"wp:term":[{"taxonomy":"category","embeddable":true,"href":"https:\/\/face.unt.edu.ar\/web\/wp-json\/wp\/v2\/categories?post=8568"},{"taxonomy":"post_tag","embeddable":true,"href":"https:\/\/face.unt.edu.ar\/web\/wp-json\/wp\/v2\/tags?post=8568"}],"curies":[{"name":"wp","href":"https:\/\/api.w.org\/{rel}","templated":true}]}}