{"id":8618,"date":"2019-05-02T18:07:44","date_gmt":"2019-05-02T18:07:44","guid":{"rendered":"http:\/\/face.unt.edu.ar\/web\/?p=8618"},"modified":"2019-05-02T18:07:44","modified_gmt":"2019-05-02T18:07:44","slug":"un-alumno-de-nuestra-facultad-representara-a-la-unt-en-una-feria-de-universidades-en-asuncion","status":"publish","type":"post","link":"https:\/\/face.unt.edu.ar\/web\/blog\/un-alumno-de-nuestra-facultad-representara-a-la-unt-en-una-feria-de-universidades-en-asuncion\/","title":{"rendered":"Un alumno de nuestra Facultad representar\u00e1 a la UNT  en una feria de Universidades en Asunci\u00f3n"},"content":{"rendered":"<p style=\"font-weight: 400\">Del 6 al 10 de mayo pr\u00f3ximos, se llevar\u00e1 a cabo en la ciudad de Asunci\u00f3n del Paraguay, la \u00ab<strong>Semana Internacional Poncho<\/strong>\u00ab. La misma se desarrollar\u00e1 en la sede de la Universidad Aut\u00f3noma de Asunci\u00f3n y consistir\u00e1 en una Feria de Universidades, donde \u00e9stas podr\u00e1n dar a conocer sus ofertas acad\u00e9micas para facilitar el intercambio de becarios entre ellas.<\/p>\n<p style=\"font-weight: 400\">Queremos destacar que por los alumnos que\u00a0<strong>representar\u00e1n a la Universidad Nacional de Tucum\u00e1n<\/strong>, fue seleccionado para participar de las jornadas,\u00a0<strong>Juan Jos\u00e9 D\u00edaz, estudiante de la Licenciatura en Administraci\u00f3n en nuestra Facultad<\/strong>.<\/p>\n<p style=\"font-weight: 400\"><strong>Semana Internacional PONCHO &#8211; Programa Erasmus+ Uni\u00f3n Europea<\/strong><\/p>\n<p><a href=\"http:\/\/face.unt.edu.ar\/web\/wp-content\/uploads\/2019\/05\/WhatsApp-Image-2019-04-28-at-23.19.35.jpeg\"><img decoding=\"async\" loading=\"lazy\" class=\" wp-image-8620 aligncenter\" src=\"http:\/\/face.unt.edu.ar\/web\/wp-content\/uploads\/2019\/05\/WhatsApp-Image-2019-04-28-at-23.19.35-300x277.jpeg\" alt=\"\" width=\"517\" height=\"477\" srcset=\"https:\/\/face.unt.edu.ar\/web\/wp-content\/uploads\/2019\/05\/WhatsApp-Image-2019-04-28-at-23.19.35-300x277.jpeg 300w, https:\/\/face.unt.edu.ar\/web\/wp-content\/uploads\/2019\/05\/WhatsApp-Image-2019-04-28-at-23.19.35-768x710.jpeg 768w, https:\/\/face.unt.edu.ar\/web\/wp-content\/uploads\/2019\/05\/WhatsApp-Image-2019-04-28-at-23.19.35-1024x946.jpeg 1024w, https:\/\/face.unt.edu.ar\/web\/wp-content\/uploads\/2019\/05\/WhatsApp-Image-2019-04-28-at-23.19.35-696x643.jpeg 696w, https:\/\/face.unt.edu.ar\/web\/wp-content\/uploads\/2019\/05\/WhatsApp-Image-2019-04-28-at-23.19.35-1068x987.jpeg 1068w, https:\/\/face.unt.edu.ar\/web\/wp-content\/uploads\/2019\/05\/WhatsApp-Image-2019-04-28-at-23.19.35-454x420.jpeg 454w, https:\/\/face.unt.edu.ar\/web\/wp-content\/uploads\/2019\/05\/WhatsApp-Image-2019-04-28-at-23.19.35-909x840.jpeg 909w, https:\/\/face.unt.edu.ar\/web\/wp-content\/uploads\/2019\/05\/WhatsApp-Image-2019-04-28-at-23.19.35.jpeg 1280w\" sizes=\"(max-width: 517px) 100vw, 517px\" \/><\/a><\/p>\n<p style=\"font-weight: 400\">El Proyecto Poncho es financiado por el Programa Erasmus+ de la Comunidad Econ\u00f3mica Europea, cuyo principal objetivo es el incentivo de la internacionalizaci\u00f3n de la Educaci\u00f3n Superior en las universidades perif\u00e9ricas de Am\u00e9rica Latina. La Semana Internacional PONCHO oficiar\u00e1 como actividad de cierre del Proyecto y reunir\u00e1 a estudiantes, acad\u00e9micos y autoridades de las universidades miembro, cada instituci\u00f3n\u00a0estar\u00e1 representada por\u00a0\u00a05\u00a0integrantes\u00a0de su comunidad, incluyendo dos estudiantes, un docente y dos autoridades.<\/p>\n<p style=\"font-weight: 400\">La Universidad espa\u00f1ola de Las Palmas de Gran Canaria, est\u00e1 a cargo de la coordinaci\u00f3n de este Consorcio compuesto por 25 casas de altos estudios, cuatro de ellas son europeas pertenecientes a Espa\u00f1a, Francia, Polonia y Portugal y las 21 restantes son universidades latinoamericanas\u00a0 de Argentina, Bolivia, Brasil, Colombia, Ecuador, Paraguay, Per\u00fa y Uruguay. Por nuestro pa\u00eds participar\u00e1n las universidades nacionales del Sur, de San Luis y de Tucum\u00e1n.<\/p>\n<p style=\"font-weight: 400\">Durante las 5 jornadas en que transcurrir\u00e1 el evento, se trabajar\u00e1 con m\u00faltiples din\u00e1micas de integraci\u00f3n que incluir\u00e1n juegos, debates, talleres y presentaci\u00f3n de las ofertas acad\u00e9micas de cada universidad, as\u00ed como tambi\u00e9n de la regi\u00f3n a la cual pertenece cada una.<\/p>\n","protected":false},"excerpt":{"rendered":"<p>Del 6 al 10 de mayo pr\u00f3ximos, se llevar\u00e1 a cabo en la ciudad de Asunci\u00f3n del Paraguay, la \u00abSemana Internacional Poncho\u00ab. La misma se desarrollar\u00e1 en la sede de la Universidad Aut\u00f3noma de Asunci\u00f3n y consistir\u00e1 en una Feria de Universidades, donde \u00e9stas podr\u00e1n dar a conocer sus ofertas acad\u00e9micas para facilitar el intercambio [&hellip;]<\/p>\n","protected":false},"author":2,"featured_media":8619,"comment_status":"open","ping_status":"open","sticky":false,"template":"","format":"standard","meta":{"_et_pb_use_builder":"","_et_pb_old_content":"","_et_gb_content_width":"","footnotes":""},"categories":[4],"tags":[],"_links":{"self":[{"href":"https:\/\/face.unt.edu.ar\/web\/wp-json\/wp\/v2\/posts\/8618"}],"collection":[{"href":"https:\/\/face.unt.edu.ar\/web\/wp-json\/wp\/v2\/posts"}],"about":[{"href":"https:\/\/face.unt.edu.ar\/web\/wp-json\/wp\/v2\/types\/post"}],"author":[{"embeddable":true,"href":"https:\/\/face.unt.edu.ar\/web\/wp-json\/wp\/v2\/users\/2"}],"replies":[{"embeddable":true,"href":"https:\/\/face.unt.edu.ar\/web\/wp-json\/wp\/v2\/comments?post=8618"}],"version-history":[{"count":1,"href":"https:\/\/face.unt.edu.ar\/web\/wp-json\/wp\/v2\/posts\/8618\/revisions"}],"predecessor-version":[{"id":8621,"href":"https:\/\/face.unt.edu.ar\/web\/wp-json\/wp\/v2\/posts\/8618\/revisions\/8621"}],"wp:featuredmedia":[{"embeddable":true,"href":"https:\/\/face.unt.edu.ar\/web\/wp-json\/wp\/v2\/media\/8619"}],"wp:attachment":[{"href":"https:\/\/face.unt.edu.ar\/web\/wp-json\/wp\/v2\/media?parent=8618"}],"wp:term":[{"taxonomy":"category","embeddable":true,"href":"https:\/\/face.unt.edu.ar\/web\/wp-json\/wp\/v2\/categories?post=8618"},{"taxonomy":"post_tag","embeddable":true,"href":"https:\/\/face.unt.edu.ar\/web\/wp-json\/wp\/v2\/tags?post=8618"}],"curies":[{"name":"wp","href":"https:\/\/api.w.org\/{rel}","templated":true}]}}