{"id":9383,"date":"2019-09-13T14:33:35","date_gmt":"2019-09-13T14:33:35","guid":{"rendered":"http:\/\/face.unt.edu.ar\/web\/?p=9383"},"modified":"2019-09-13T14:33:35","modified_gmt":"2019-09-13T14:33:35","slug":"buscan-impulsar-el-emprendedorismo-dentro-de-la-universidad-nacional-de-tucuman","status":"publish","type":"post","link":"https:\/\/face.unt.edu.ar\/web\/blog\/buscan-impulsar-el-emprendedorismo-dentro-de-la-universidad-nacional-de-tucuman\/","title":{"rendered":"Buscan impulsar el emprendedorismo dentro de la  Universidad Nacional de Tucum\u00e1n"},"content":{"rendered":"<p>Con sede en nuestra Facultad se realiz\u00f3 la primera <strong>Jornada \u201cEl Desaf\u00edo de emprender: inspiraci\u00f3n y acci\u00f3n\u201d<\/strong>, organizada por la <strong>Unidad de Vinculaci\u00f3n Tecnol\u00f3gica<\/strong> de la <strong>Universidad Nacional de Tucum\u00e1n<\/strong>, que cuenta con el acompa\u00f1amiento para realizar esta actividad, de la <strong>Facultad de Ciencias Econ\u00f3micas<\/strong> y de la <strong>Secretar\u00eda Acad\u00e9mica de la Universidad<\/strong>.<\/p>\n<p>El acto de apertura estuvo encabezado por el\u00a0Rector\u00a0de la UNT, Ing. Agr. <strong>Jos\u00e9 Garc\u00eda<\/strong>, quien estuvo acompa\u00f1ado por el\u00a0Decano\u00a0de nuestra Facultad, Mg. <strong>Jos\u00e9 Luis A. Jim\u00e9nez<\/strong> y la directora de la Unidad de Vinculaci\u00f3n Tecnol\u00f3gica, Mg.<strong> Viviana Rotger<\/strong>.<\/p>\n<div id=\"attachment_9386\" style=\"width: 970px\" class=\"wp-caption aligncenter\"><a href=\"http:\/\/face.unt.edu.ar\/web\/wp-content\/uploads\/2019\/09\/70205739_1352786621556862_5730543557589073920_n.jpg\"><img decoding=\"async\" loading=\"lazy\" aria-describedby=\"caption-attachment-9386\" class=\"wp-image-9386 size-full\" src=\"http:\/\/face.unt.edu.ar\/web\/wp-content\/uploads\/2019\/09\/70205739_1352786621556862_5730543557589073920_n.jpg\" alt=\"\" width=\"960\" height=\"640\" srcset=\"https:\/\/face.unt.edu.ar\/web\/wp-content\/uploads\/2019\/09\/70205739_1352786621556862_5730543557589073920_n.jpg 960w, https:\/\/face.unt.edu.ar\/web\/wp-content\/uploads\/2019\/09\/70205739_1352786621556862_5730543557589073920_n-300x200.jpg 300w, https:\/\/face.unt.edu.ar\/web\/wp-content\/uploads\/2019\/09\/70205739_1352786621556862_5730543557589073920_n-768x512.jpg 768w, https:\/\/face.unt.edu.ar\/web\/wp-content\/uploads\/2019\/09\/70205739_1352786621556862_5730543557589073920_n-696x464.jpg 696w, https:\/\/face.unt.edu.ar\/web\/wp-content\/uploads\/2019\/09\/70205739_1352786621556862_5730543557589073920_n-630x420.jpg 630w\" sizes=\"(max-width: 960px) 100vw, 960px\" \/><\/a><p id=\"caption-attachment-9386\" class=\"wp-caption-text\">Conversatorio de Emprendedores<\/p><\/div>\n<p>En esta oportunidad la Mg. Rotger dirigi\u00f3 unas palabras: <strong>\u201cLa Universidad tiene un rol fundamental en la promoci\u00f3n del desarrollo emprendedor.<\/strong> Esta promoci\u00f3n, en el marco del desarrollo del proceso de formaci\u00f3n personal y profesional de los futuros egresados, abrir\u00e1 la posibilidad de <strong>transformar a las nuevas generaciones<\/strong>, de simples receptores de propuestas en generadores de acciones \u00fatiles a su propio desarrollo y al de las comunidades de las cuales forman parte\u201d.<\/p>\n<div id=\"attachment_9387\" style=\"width: 970px\" class=\"wp-caption aligncenter\"><a href=\"http:\/\/face.unt.edu.ar\/web\/wp-content\/uploads\/2019\/09\/70648795_1352786874890170_4278555667616235520_n.jpg\"><img decoding=\"async\" loading=\"lazy\" aria-describedby=\"caption-attachment-9387\" class=\"wp-image-9387 size-full\" src=\"http:\/\/face.unt.edu.ar\/web\/wp-content\/uploads\/2019\/09\/70648795_1352786874890170_4278555667616235520_n.jpg\" alt=\"\" width=\"960\" height=\"640\" srcset=\"https:\/\/face.unt.edu.ar\/web\/wp-content\/uploads\/2019\/09\/70648795_1352786874890170_4278555667616235520_n.jpg 960w, https:\/\/face.unt.edu.ar\/web\/wp-content\/uploads\/2019\/09\/70648795_1352786874890170_4278555667616235520_n-300x200.jpg 300w, https:\/\/face.unt.edu.ar\/web\/wp-content\/uploads\/2019\/09\/70648795_1352786874890170_4278555667616235520_n-768x512.jpg 768w, https:\/\/face.unt.edu.ar\/web\/wp-content\/uploads\/2019\/09\/70648795_1352786874890170_4278555667616235520_n-696x464.jpg 696w, https:\/\/face.unt.edu.ar\/web\/wp-content\/uploads\/2019\/09\/70648795_1352786874890170_4278555667616235520_n-630x420.jpg 630w\" sizes=\"(max-width: 960px) 100vw, 960px\" \/><\/a><p id=\"caption-attachment-9387\" class=\"wp-caption-text\">Conversatorio de Emprendedores<\/p><\/div>\n<p>Por su parte, Rector le dio la bienvenida a los presentes e hizo hincapi\u00e9 en la i<strong>mportancia del rol de los j\u00f3venes<\/strong> y de esta tem\u00e1tica que se convierte en un <strong>nuevo desaf\u00edo para la Universidad<\/strong>. Adem\u00e1s explic\u00f3 que el <strong>objetivo de la Universidad es \u201cofrecer herramientas<\/strong>, a trav\u00e9s de la Unidad de Vinculaci\u00f3n Tecnol\u00f3gica, en relaci\u00f3n con las Facultades,<strong> para acompa\u00f1ar a los futuros emprendedores<\/strong> y ver la factibilidad de que a partir de su idea, su innovaci\u00f3n, ese despertar de alg\u00fan conocimiento, pueda conectarse con otra persona que est\u00e9 en la misma tem\u00e1tica para formar un equipo. Porque si no formamos esa unidad, es muy dif\u00edcil que solos lo podamos realizar y\u00a0las\u00a0posibilidades de \u00e9xito se disminuyen ya que se hace \u00a0necesario una mirada grupal\u201d.<\/p>\n<div id=\"attachment_9388\" style=\"width: 970px\" class=\"wp-caption aligncenter\"><a href=\"http:\/\/face.unt.edu.ar\/web\/wp-content\/uploads\/2019\/09\/70308055_1352786924890165_3010023663559770112_n.jpg\"><img decoding=\"async\" loading=\"lazy\" aria-describedby=\"caption-attachment-9388\" class=\"wp-image-9388 size-full\" src=\"http:\/\/face.unt.edu.ar\/web\/wp-content\/uploads\/2019\/09\/70308055_1352786924890165_3010023663559770112_n.jpg\" alt=\"\" width=\"960\" height=\"640\" srcset=\"https:\/\/face.unt.edu.ar\/web\/wp-content\/uploads\/2019\/09\/70308055_1352786924890165_3010023663559770112_n.jpg 960w, https:\/\/face.unt.edu.ar\/web\/wp-content\/uploads\/2019\/09\/70308055_1352786924890165_3010023663559770112_n-300x200.jpg 300w, https:\/\/face.unt.edu.ar\/web\/wp-content\/uploads\/2019\/09\/70308055_1352786924890165_3010023663559770112_n-768x512.jpg 768w, https:\/\/face.unt.edu.ar\/web\/wp-content\/uploads\/2019\/09\/70308055_1352786924890165_3010023663559770112_n-696x464.jpg 696w, https:\/\/face.unt.edu.ar\/web\/wp-content\/uploads\/2019\/09\/70308055_1352786924890165_3010023663559770112_n-630x420.jpg 630w\" sizes=\"(max-width: 960px) 100vw, 960px\" \/><\/a><p id=\"caption-attachment-9388\" class=\"wp-caption-text\">Charla a cargo del IDEP Tucum\u00e1n<\/p><\/div>\n","protected":false},"excerpt":{"rendered":"<p>Con sede en nuestra Facultad se realiz\u00f3 la primera Jornada \u201cEl Desaf\u00edo de emprender: inspiraci\u00f3n y acci\u00f3n\u201d, organizada por la Unidad de Vinculaci\u00f3n Tecnol\u00f3gica de la Universidad Nacional de Tucum\u00e1n, que cuenta con el acompa\u00f1amiento para realizar esta actividad, de la Facultad de Ciencias Econ\u00f3micas y de la Secretar\u00eda Acad\u00e9mica de la Universidad. El acto [&hellip;]<\/p>\n","protected":false},"author":2,"featured_media":9385,"comment_status":"open","ping_status":"open","sticky":false,"template":"","format":"standard","meta":{"_et_pb_use_builder":"","_et_pb_old_content":"","_et_gb_content_width":"","footnotes":""},"categories":[4],"tags":[389,442,386,449,448,418,24,447],"_links":{"self":[{"href":"https:\/\/face.unt.edu.ar\/web\/wp-json\/wp\/v2\/posts\/9383"}],"collection":[{"href":"https:\/\/face.unt.edu.ar\/web\/wp-json\/wp\/v2\/posts"}],"about":[{"href":"https:\/\/face.unt.edu.ar\/web\/wp-json\/wp\/v2\/types\/post"}],"author":[{"embeddable":true,"href":"https:\/\/face.unt.edu.ar\/web\/wp-json\/wp\/v2\/users\/2"}],"replies":[{"embeddable":true,"href":"https:\/\/face.unt.edu.ar\/web\/wp-json\/wp\/v2\/comments?post=9383"}],"version-history":[{"count":2,"href":"https:\/\/face.unt.edu.ar\/web\/wp-json\/wp\/v2\/posts\/9383\/revisions"}],"predecessor-version":[{"id":9389,"href":"https:\/\/face.unt.edu.ar\/web\/wp-json\/wp\/v2\/posts\/9383\/revisions\/9389"}],"wp:featuredmedia":[{"embeddable":true,"href":"https:\/\/face.unt.edu.ar\/web\/wp-json\/wp\/v2\/media\/9385"}],"wp:attachment":[{"href":"https:\/\/face.unt.edu.ar\/web\/wp-json\/wp\/v2\/media?parent=9383"}],"wp:term":[{"taxonomy":"category","embeddable":true,"href":"https:\/\/face.unt.edu.ar\/web\/wp-json\/wp\/v2\/categories?post=9383"},{"taxonomy":"post_tag","embeddable":true,"href":"https:\/\/face.unt.edu.ar\/web\/wp-json\/wp\/v2\/tags?post=9383"}],"curies":[{"name":"wp","href":"https:\/\/api.w.org\/{rel}","templated":true}]}}