{"id":9454,"date":"2019-09-23T17:30:11","date_gmt":"2019-09-23T17:30:11","guid":{"rendered":"http:\/\/face.unt.edu.ar\/web\/?p=9454"},"modified":"2019-09-23T17:31:13","modified_gmt":"2019-09-23T17:31:13","slug":"se-afianza-el-vinculo-entre-nuestra-universidad-y-el-city-college","status":"publish","type":"post","link":"https:\/\/face.unt.edu.ar\/web\/blog\/se-afianza-el-vinculo-entre-nuestra-universidad-y-el-city-college\/","title":{"rendered":"Se afianza el v\u00ednculo entre nuestra Universidad y el City College"},"content":{"rendered":"<p style=\"font-weight: 400\">Continuando con la gira en EEUU, el pasado viernes 20 de septiembre, la comitiva tucumana, encabezada por el Gobernador Dr. <strong>Juan Manzur<\/strong>, visitaron el <strong>City College de Nueva York.<\/strong><\/p>\n<p style=\"font-weight: 400\">El Rector de la Universidad Nacional de Tucum\u00e1n, Ing. Agr. <strong>Jos\u00e9 Garc\u00eda<\/strong> y el Decano de nuestra Facultad de Ciencias Econ\u00f3micas, Mg. <strong>Jos\u00e9 Luis Jim\u00e9nez<\/strong>, participaron de la visita y asistieron a la conferencia que dio el Gobernador Manzur, sobre la <strong>Situaci\u00f3n Pol\u00edtica y Econ\u00f3mica de Argentina<\/strong>.<\/p>\n<p style=\"font-weight: 400\">Posteriormente se llev\u00f3 a cabo una reuni\u00f3n con las autoridades del City College para avanzar en la firma de convenios, en las distintas \u00e1reas de conocimiento de nuestra Universidad.<\/p>\n<p style=\"font-weight: 400\">Las autoridades de la UNT lograron tambi\u00e9n, el compromiso de tener la <strong>visita de Docentes del City College, en nuestra Casa de Estudios.<\/strong><\/p>\n<p style=\"font-weight: 400\">De esta manera la Universidad Nacional de Tucum\u00e1n estuvo mostrando su potencial en EEUU y recibiendo elogios por la formaci\u00f3n de sus profesionales.<\/p>\n<p style=\"font-weight: 400\">\u201cEs un orgullo representar a nuestra Universidad. Quiero agradecer la invitaci\u00f3n de nuestro Gobernador, que nos permite hacer conocer todo lo que nuestra Universidad tiene y hace\u201d, expres\u00f3 el Mg. Jim\u00e9nez, Decano de nuestra Facultad.<\/p>\n<p>\u00a0<a href=\"http:\/\/face.unt.edu.ar\/web\/wp-content\/uploads\/2019\/09\/WhatsApp-Image-2019-09-22-at-2.15.18-PM.jpeg\"><img decoding=\"async\" loading=\"lazy\" class=\" wp-image-9462 aligncenter\" src=\"http:\/\/face.unt.edu.ar\/web\/wp-content\/uploads\/2019\/09\/WhatsApp-Image-2019-09-22-at-2.15.18-PM-225x300.jpeg\" alt=\"\" width=\"353\" height=\"473\" \/><\/a><\/p>\n<p><a href=\"http:\/\/face.unt.edu.ar\/web\/wp-content\/uploads\/2019\/09\/WhatsApp-Image-2019-09-22-at-2.15.18-PM-1.jpeg\"><img decoding=\"async\" loading=\"lazy\" class=\"alignnone size-medium wp-image-9459\" src=\"http:\/\/face.unt.edu.ar\/web\/wp-content\/uploads\/2019\/09\/WhatsApp-Image-2019-09-22-at-2.15.18-PM-1-300x225.jpeg\" alt=\"\" width=\"300\" height=\"225\" srcset=\"https:\/\/face.unt.edu.ar\/web\/wp-content\/uploads\/2019\/09\/WhatsApp-Image-2019-09-22-at-2.15.18-PM-1-300x225.jpeg 300w, https:\/\/face.unt.edu.ar\/web\/wp-content\/uploads\/2019\/09\/WhatsApp-Image-2019-09-22-at-2.15.18-PM-1-768x576.jpeg 768w, https:\/\/face.unt.edu.ar\/web\/wp-content\/uploads\/2019\/09\/WhatsApp-Image-2019-09-22-at-2.15.18-PM-1.jpeg 1024w, https:\/\/face.unt.edu.ar\/web\/wp-content\/uploads\/2019\/09\/WhatsApp-Image-2019-09-22-at-2.15.18-PM-1-80x60.jpeg 80w, https:\/\/face.unt.edu.ar\/web\/wp-content\/uploads\/2019\/09\/WhatsApp-Image-2019-09-22-at-2.15.18-PM-1-160x120.jpeg 160w, https:\/\/face.unt.edu.ar\/web\/wp-content\/uploads\/2019\/09\/WhatsApp-Image-2019-09-22-at-2.15.18-PM-1-265x198.jpeg 265w, https:\/\/face.unt.edu.ar\/web\/wp-content\/uploads\/2019\/09\/WhatsApp-Image-2019-09-22-at-2.15.18-PM-1-530x396.jpeg 530w, https:\/\/face.unt.edu.ar\/web\/wp-content\/uploads\/2019\/09\/WhatsApp-Image-2019-09-22-at-2.15.18-PM-1-696x522.jpeg 696w, https:\/\/face.unt.edu.ar\/web\/wp-content\/uploads\/2019\/09\/WhatsApp-Image-2019-09-22-at-2.15.18-PM-1-560x420.jpeg 560w\" sizes=\"(max-width: 300px) 100vw, 300px\" \/><\/a> <a href=\"http:\/\/face.unt.edu.ar\/web\/wp-content\/uploads\/2019\/09\/WhatsApp-Image-2019-09-22-at-2.15.16-PM.jpeg\"><img decoding=\"async\" loading=\"lazy\" class=\"alignnone size-medium wp-image-9458\" src=\"http:\/\/face.unt.edu.ar\/web\/wp-content\/uploads\/2019\/09\/WhatsApp-Image-2019-09-22-at-2.15.16-PM-300x225.jpeg\" alt=\"\" width=\"300\" height=\"225\" srcset=\"https:\/\/face.unt.edu.ar\/web\/wp-content\/uploads\/2019\/09\/WhatsApp-Image-2019-09-22-at-2.15.16-PM-300x225.jpeg 300w, https:\/\/face.unt.edu.ar\/web\/wp-content\/uploads\/2019\/09\/WhatsApp-Image-2019-09-22-at-2.15.16-PM-768x576.jpeg 768w, https:\/\/face.unt.edu.ar\/web\/wp-content\/uploads\/2019\/09\/WhatsApp-Image-2019-09-22-at-2.15.16-PM.jpeg 1024w, https:\/\/face.unt.edu.ar\/web\/wp-content\/uploads\/2019\/09\/WhatsApp-Image-2019-09-22-at-2.15.16-PM-80x60.jpeg 80w, https:\/\/face.unt.edu.ar\/web\/wp-content\/uploads\/2019\/09\/WhatsApp-Image-2019-09-22-at-2.15.16-PM-160x120.jpeg 160w, https:\/\/face.unt.edu.ar\/web\/wp-content\/uploads\/2019\/09\/WhatsApp-Image-2019-09-22-at-2.15.16-PM-265x198.jpeg 265w, https:\/\/face.unt.edu.ar\/web\/wp-content\/uploads\/2019\/09\/WhatsApp-Image-2019-09-22-at-2.15.16-PM-530x396.jpeg 530w, https:\/\/face.unt.edu.ar\/web\/wp-content\/uploads\/2019\/09\/WhatsApp-Image-2019-09-22-at-2.15.16-PM-696x522.jpeg 696w, https:\/\/face.unt.edu.ar\/web\/wp-content\/uploads\/2019\/09\/WhatsApp-Image-2019-09-22-at-2.15.16-PM-560x420.jpeg 560w\" sizes=\"(max-width: 300px) 100vw, 300px\" \/><\/a> <a href=\"http:\/\/face.unt.edu.ar\/web\/wp-content\/uploads\/2019\/09\/WhatsApp-Image-2019-09-22-at-2.15.16-PM-2.jpeg\"><img decoding=\"async\" loading=\"lazy\" class=\"alignnone size-medium wp-image-9457\" src=\"http:\/\/face.unt.edu.ar\/web\/wp-content\/uploads\/2019\/09\/WhatsApp-Image-2019-09-22-at-2.15.16-PM-2-225x300.jpeg\" alt=\"\" width=\"225\" height=\"300\" srcset=\"https:\/\/face.unt.edu.ar\/web\/wp-content\/uploads\/2019\/09\/WhatsApp-Image-2019-09-22-at-2.15.16-PM-2-225x300.jpeg 225w, https:\/\/face.unt.edu.ar\/web\/wp-content\/uploads\/2019\/09\/WhatsApp-Image-2019-09-22-at-2.15.16-PM-2-768x1023.jpeg 768w, https:\/\/face.unt.edu.ar\/web\/wp-content\/uploads\/2019\/09\/WhatsApp-Image-2019-09-22-at-2.15.16-PM-2.jpeg 769w, https:\/\/face.unt.edu.ar\/web\/wp-content\/uploads\/2019\/09\/WhatsApp-Image-2019-09-22-at-2.15.16-PM-2-696x927.jpeg 696w, https:\/\/face.unt.edu.ar\/web\/wp-content\/uploads\/2019\/09\/WhatsApp-Image-2019-09-22-at-2.15.16-PM-2-315x420.jpeg 315w, https:\/\/face.unt.edu.ar\/web\/wp-content\/uploads\/2019\/09\/WhatsApp-Image-2019-09-22-at-2.15.16-PM-2-631x840.jpeg 631w\" sizes=\"(max-width: 225px) 100vw, 225px\" \/><\/a> <a href=\"http:\/\/face.unt.edu.ar\/web\/wp-content\/uploads\/2019\/09\/WhatsApp-Image-2019-09-22-at-2.15.16-PM-1.jpeg\"><img decoding=\"async\" loading=\"lazy\" class=\"alignnone size-medium wp-image-9456\" src=\"http:\/\/face.unt.edu.ar\/web\/wp-content\/uploads\/2019\/09\/WhatsApp-Image-2019-09-22-at-2.15.16-PM-1-225x300.jpeg\" alt=\"\" width=\"225\" height=\"300\" srcset=\"https:\/\/face.unt.edu.ar\/web\/wp-content\/uploads\/2019\/09\/WhatsApp-Image-2019-09-22-at-2.15.16-PM-1-225x300.jpeg 225w, https:\/\/face.unt.edu.ar\/web\/wp-content\/uploads\/2019\/09\/WhatsApp-Image-2019-09-22-at-2.15.16-PM-1.jpeg 768w, https:\/\/face.unt.edu.ar\/web\/wp-content\/uploads\/2019\/09\/WhatsApp-Image-2019-09-22-at-2.15.16-PM-1-696x928.jpeg 696w, https:\/\/face.unt.edu.ar\/web\/wp-content\/uploads\/2019\/09\/WhatsApp-Image-2019-09-22-at-2.15.16-PM-1-315x420.jpeg 315w, https:\/\/face.unt.edu.ar\/web\/wp-content\/uploads\/2019\/09\/WhatsApp-Image-2019-09-22-at-2.15.16-PM-1-630x840.jpeg 630w\" sizes=\"(max-width: 225px) 100vw, 225px\" \/><\/a><\/p>\n<p><a href=\"http:\/\/face.unt.edu.ar\/web\/wp-content\/uploads\/2019\/09\/WhatsApp-Image-2019-09-22-at-2.15.18-PM-3.jpeg\"><img decoding=\"async\" loading=\"lazy\" class=\" wp-image-9461 aligncenter\" src=\"http:\/\/face.unt.edu.ar\/web\/wp-content\/uploads\/2019\/09\/WhatsApp-Image-2019-09-22-at-2.15.18-PM-3-300x225.jpeg\" alt=\"\" width=\"368\" height=\"277\" srcset=\"https:\/\/face.unt.edu.ar\/web\/wp-content\/uploads\/2019\/09\/WhatsApp-Image-2019-09-22-at-2.15.18-PM-3-300x225.jpeg 300w, https:\/\/face.unt.edu.ar\/web\/wp-content\/uploads\/2019\/09\/WhatsApp-Image-2019-09-22-at-2.15.18-PM-3-768x576.jpeg 768w, https:\/\/face.unt.edu.ar\/web\/wp-content\/uploads\/2019\/09\/WhatsApp-Image-2019-09-22-at-2.15.18-PM-3.jpeg 1024w, https:\/\/face.unt.edu.ar\/web\/wp-content\/uploads\/2019\/09\/WhatsApp-Image-2019-09-22-at-2.15.18-PM-3-80x60.jpeg 80w, https:\/\/face.unt.edu.ar\/web\/wp-content\/uploads\/2019\/09\/WhatsApp-Image-2019-09-22-at-2.15.18-PM-3-160x120.jpeg 160w, https:\/\/face.unt.edu.ar\/web\/wp-content\/uploads\/2019\/09\/WhatsApp-Image-2019-09-22-at-2.15.18-PM-3-265x198.jpeg 265w, https:\/\/face.unt.edu.ar\/web\/wp-content\/uploads\/2019\/09\/WhatsApp-Image-2019-09-22-at-2.15.18-PM-3-696x522.jpeg 696w, https:\/\/face.unt.edu.ar\/web\/wp-content\/uploads\/2019\/09\/WhatsApp-Image-2019-09-22-at-2.15.18-PM-3-560x420.jpeg 560w\" sizes=\"(max-width: 368px) 100vw, 368px\" \/><\/a><\/p>\n","protected":false},"excerpt":{"rendered":"<p>Continuando con la gira en EEUU, el pasado viernes 20 de septiembre, la comitiva tucumana, encabezada por el Gobernador Dr. Juan Manzur, visitaron el City College de Nueva York. El Rector de la Universidad Nacional de Tucum\u00e1n, Ing. Agr. Jos\u00e9 Garc\u00eda y el Decano de nuestra Facultad de Ciencias Econ\u00f3micas, Mg. Jos\u00e9 Luis Jim\u00e9nez, participaron [&hellip;]<\/p>\n","protected":false},"author":2,"featured_media":9460,"comment_status":"open","ping_status":"open","sticky":false,"template":"","format":"standard","meta":{"_et_pb_use_builder":"","_et_pb_old_content":"","_et_gb_content_width":"","footnotes":""},"categories":[4],"tags":[454,464,442,386,146],"_links":{"self":[{"href":"https:\/\/face.unt.edu.ar\/web\/wp-json\/wp\/v2\/posts\/9454"}],"collection":[{"href":"https:\/\/face.unt.edu.ar\/web\/wp-json\/wp\/v2\/posts"}],"about":[{"href":"https:\/\/face.unt.edu.ar\/web\/wp-json\/wp\/v2\/types\/post"}],"author":[{"embeddable":true,"href":"https:\/\/face.unt.edu.ar\/web\/wp-json\/wp\/v2\/users\/2"}],"replies":[{"embeddable":true,"href":"https:\/\/face.unt.edu.ar\/web\/wp-json\/wp\/v2\/comments?post=9454"}],"version-history":[{"count":2,"href":"https:\/\/face.unt.edu.ar\/web\/wp-json\/wp\/v2\/posts\/9454\/revisions"}],"predecessor-version":[{"id":9463,"href":"https:\/\/face.unt.edu.ar\/web\/wp-json\/wp\/v2\/posts\/9454\/revisions\/9463"}],"wp:featuredmedia":[{"embeddable":true,"href":"https:\/\/face.unt.edu.ar\/web\/wp-json\/wp\/v2\/media\/9460"}],"wp:attachment":[{"href":"https:\/\/face.unt.edu.ar\/web\/wp-json\/wp\/v2\/media?parent=9454"}],"wp:term":[{"taxonomy":"category","embeddable":true,"href":"https:\/\/face.unt.edu.ar\/web\/wp-json\/wp\/v2\/categories?post=9454"},{"taxonomy":"post_tag","embeddable":true,"href":"https:\/\/face.unt.edu.ar\/web\/wp-json\/wp\/v2\/tags?post=9454"}],"curies":[{"name":"wp","href":"https:\/\/api.w.org\/{rel}","templated":true}]}}