{"id":9500,"date":"2019-09-27T15:12:48","date_gmt":"2019-09-27T15:12:48","guid":{"rendered":"http:\/\/face.unt.edu.ar\/web\/?p=9500"},"modified":"2019-09-27T03:13:01","modified_gmt":"2019-09-27T03:13:01","slug":"ultiman-detalles-para-el-lanzamiento-de-la-especializacion-en-comercio-internacional","status":"publish","type":"post","link":"https:\/\/face.unt.edu.ar\/web\/blog\/ultiman-detalles-para-el-lanzamiento-de-la-especializacion-en-comercio-internacional\/","title":{"rendered":"Ultiman detalles para el lanzamiento de la Especializaci\u00f3n en Comercio Internacional"},"content":{"rendered":"<p>Este jueves 26 de septiembre tuvo lugar la primera<strong> reuni\u00f3n de trabajo de Docentes de la Especializaci\u00f3n en Comercio Internacional<\/strong>, encuentro en el que se analizaron diversos aspectos de la carrera que inicia en 2020 y se resalt\u00f3 la <strong>riqueza de la naturaleza\u00a0multidisciplinaria<\/strong> que se generar\u00e1 en el aula.<\/p>\n<p>Se destac\u00f3 la relevancia de\u00a0la formaci\u00f3n integral en Comercio Internacional, no s\u00f3lo para actores del sector privado, sino tambi\u00e9n para agentes del sector p\u00fablico y de los organismos vinculados a la operatoria y log\u00edstica del comercio exterior, de modo que pueda generarse una conciencia facilitadora y promotora del comercio.<\/p>\n<p>Tambi\u00e9n, se destac\u00f3 la importancia de la\u00a0mejora en el cr\u00e9dito como un medio fundamental para que las empresas puedan agregar valor y crear mercados para sus productos, lo que beneficiar\u00eda a\u00a0la industrializaci\u00f3n del pa\u00eds.<\/p>\n<p>Esta primera reuni\u00f3n fue coordinada por la profesora Mar\u00eda Jos\u00e9 Granado, directora de la carrera, con la participaci\u00f3n de los profesores Ivana Delfini Mendoza, Pablo Ibarreche, Regina Mart\u00ednez Riekes y Jorge Rospide.<\/p>\n<p><a href=\"http:\/\/face.unt.edu.ar\/web\/wp-content\/uploads\/2019\/09\/20190926_1818161.jpg\"><img decoding=\"async\" loading=\"lazy\" class=\"alignnone size-medium wp-image-9503\" src=\"http:\/\/face.unt.edu.ar\/web\/wp-content\/uploads\/2019\/09\/20190926_1818161-300x225.jpg\" alt=\"\" width=\"300\" height=\"225\" srcset=\"https:\/\/face.unt.edu.ar\/web\/wp-content\/uploads\/2019\/09\/20190926_1818161-300x225.jpg 300w, https:\/\/face.unt.edu.ar\/web\/wp-content\/uploads\/2019\/09\/20190926_1818161-768x576.jpg 768w, https:\/\/face.unt.edu.ar\/web\/wp-content\/uploads\/2019\/09\/20190926_1818161-80x60.jpg 80w, https:\/\/face.unt.edu.ar\/web\/wp-content\/uploads\/2019\/09\/20190926_1818161-160x120.jpg 160w, https:\/\/face.unt.edu.ar\/web\/wp-content\/uploads\/2019\/09\/20190926_1818161-265x198.jpg 265w, https:\/\/face.unt.edu.ar\/web\/wp-content\/uploads\/2019\/09\/20190926_1818161-530x396.jpg 530w, https:\/\/face.unt.edu.ar\/web\/wp-content\/uploads\/2019\/09\/20190926_1818161-696x522.jpg 696w, https:\/\/face.unt.edu.ar\/web\/wp-content\/uploads\/2019\/09\/20190926_1818161-560x420.jpg 560w, https:\/\/face.unt.edu.ar\/web\/wp-content\/uploads\/2019\/09\/20190926_1818161.jpg 1000w\" sizes=\"(max-width: 300px) 100vw, 300px\" \/><\/a> <a href=\"http:\/\/face.unt.edu.ar\/web\/wp-content\/uploads\/2019\/09\/20190926_1819131.jpg\"><img decoding=\"async\" loading=\"lazy\" class=\"alignnone size-medium wp-image-9504\" src=\"http:\/\/face.unt.edu.ar\/web\/wp-content\/uploads\/2019\/09\/20190926_1819131-300x225.jpg\" alt=\"\" width=\"300\" height=\"225\" srcset=\"https:\/\/face.unt.edu.ar\/web\/wp-content\/uploads\/2019\/09\/20190926_1819131-300x225.jpg 300w, https:\/\/face.unt.edu.ar\/web\/wp-content\/uploads\/2019\/09\/20190926_1819131-768x576.jpg 768w, https:\/\/face.unt.edu.ar\/web\/wp-content\/uploads\/2019\/09\/20190926_1819131-80x60.jpg 80w, https:\/\/face.unt.edu.ar\/web\/wp-content\/uploads\/2019\/09\/20190926_1819131-160x120.jpg 160w, https:\/\/face.unt.edu.ar\/web\/wp-content\/uploads\/2019\/09\/20190926_1819131-265x198.jpg 265w, https:\/\/face.unt.edu.ar\/web\/wp-content\/uploads\/2019\/09\/20190926_1819131-530x396.jpg 530w, https:\/\/face.unt.edu.ar\/web\/wp-content\/uploads\/2019\/09\/20190926_1819131-696x522.jpg 696w, https:\/\/face.unt.edu.ar\/web\/wp-content\/uploads\/2019\/09\/20190926_1819131-560x420.jpg 560w, https:\/\/face.unt.edu.ar\/web\/wp-content\/uploads\/2019\/09\/20190926_1819131.jpg 1000w\" sizes=\"(max-width: 300px) 100vw, 300px\" \/><\/a><\/p>\n","protected":false},"excerpt":{"rendered":"<p>Este jueves 26 de septiembre tuvo lugar la primera reuni\u00f3n de trabajo de Docentes de la Especializaci\u00f3n en Comercio Internacional, encuentro en el que se analizaron diversos aspectos de la carrera que inicia en 2020 y se resalt\u00f3 la riqueza de la naturaleza\u00a0multidisciplinaria que se generar\u00e1 en el aula. Se destac\u00f3 la relevancia de\u00a0la formaci\u00f3n [&hellip;]<\/p>\n","protected":false},"author":2,"featured_media":9502,"comment_status":"open","ping_status":"open","sticky":false,"template":"","format":"standard","meta":{"_et_pb_use_builder":"","_et_pb_old_content":"","_et_gb_content_width":"","footnotes":""},"categories":[4],"tags":[411,389,418],"_links":{"self":[{"href":"https:\/\/face.unt.edu.ar\/web\/wp-json\/wp\/v2\/posts\/9500"}],"collection":[{"href":"https:\/\/face.unt.edu.ar\/web\/wp-json\/wp\/v2\/posts"}],"about":[{"href":"https:\/\/face.unt.edu.ar\/web\/wp-json\/wp\/v2\/types\/post"}],"author":[{"embeddable":true,"href":"https:\/\/face.unt.edu.ar\/web\/wp-json\/wp\/v2\/users\/2"}],"replies":[{"embeddable":true,"href":"https:\/\/face.unt.edu.ar\/web\/wp-json\/wp\/v2\/comments?post=9500"}],"version-history":[{"count":2,"href":"https:\/\/face.unt.edu.ar\/web\/wp-json\/wp\/v2\/posts\/9500\/revisions"}],"predecessor-version":[{"id":9505,"href":"https:\/\/face.unt.edu.ar\/web\/wp-json\/wp\/v2\/posts\/9500\/revisions\/9505"}],"wp:featuredmedia":[{"embeddable":true,"href":"https:\/\/face.unt.edu.ar\/web\/wp-json\/wp\/v2\/media\/9502"}],"wp:attachment":[{"href":"https:\/\/face.unt.edu.ar\/web\/wp-json\/wp\/v2\/media?parent=9500"}],"wp:term":[{"taxonomy":"category","embeddable":true,"href":"https:\/\/face.unt.edu.ar\/web\/wp-json\/wp\/v2\/categories?post=9500"},{"taxonomy":"post_tag","embeddable":true,"href":"https:\/\/face.unt.edu.ar\/web\/wp-json\/wp\/v2\/tags?post=9500"}],"curies":[{"name":"wp","href":"https:\/\/api.w.org\/{rel}","templated":true}]}}