{"id":9583,"date":"2019-10-11T16:17:28","date_gmt":"2019-10-11T16:17:28","guid":{"rendered":"http:\/\/face.unt.edu.ar\/web\/?p=9583"},"modified":"2019-10-11T16:17:28","modified_gmt":"2019-10-11T16:17:28","slug":"se-realizo-el-lanzamiento-de-la-especializacion-en-comercio-internacional","status":"publish","type":"post","link":"https:\/\/face.unt.edu.ar\/web\/blog\/se-realizo-el-lanzamiento-de-la-especializacion-en-comercio-internacional\/","title":{"rendered":"Se realiz\u00f3 el lanzamiento de la Especializaci\u00f3n en Comercio Internacional"},"content":{"rendered":"<p style=\"font-weight: 400\">El acto tuvo lugar el pasado martes y estuvo presidido por el Decano de nuestra Facultad, <strong>Mg. Jos\u00e9 Luis Jim\u00e9nez<\/strong>. Tambi\u00e9n, en el estrado estuvieron la Vicedecana, <strong>Mg. Mar\u00eda Liliana Pacheco<\/strong>, el Secretario de Posgrado e Investigaci\u00f3n de la Facultad, <strong>Mg. Jos\u00e9 Humberto D\u00b4Arterio<\/strong> y la Directora del nuevo posgrado, <strong>Mg. Mar\u00eda Jos\u00e9 Granado<\/strong>. Adem\u00e1s, integr\u00f3 la mesa, el <strong>Dr. Juan Carlos Hallak<\/strong>, Subsecretario de Inserci\u00f3n Internacional de la Naci\u00f3n, quien dio la conferencia central.<\/p>\n<p style=\"font-weight: 400\">La Mg. Liliana Pacheco dio la bienvenida a los presentes y present\u00f3 al conferencista. \u201cEs un gran honor para nosotros recibir a un referente tan importante en la disciplina de comercio internacional tanto en el pa\u00eds como en el exterior\u201d, expres\u00f3 la Vicedecana.<\/p>\n<p style=\"font-weight: 400\">Durante la conferencia \u00ab<strong>El desaf\u00edo exportador para Argentina: Calidad e Inserci\u00f3n<\/strong> <strong>Internacional<\/strong>\u00ab, el Dr. Hallak se refiri\u00f3 a la creaci\u00f3n de esta carrera de posgrado y adem\u00e1s hizo hincapi\u00e9 en la importancia de las exportaciones y el comercio exterior en el desarrollo econ\u00f3mico de un pa\u00eds como Argentina, entre otras cosas.<\/p>\n<p style=\"font-weight: 400\">Sobre la carrera expres\u00f3: \u201cEs important\u00edsimo que haya una especializaci\u00f3n en Comercio Internacional. Es el primer posgrado que hay en el noroeste argentino en una universidad p\u00fablica sobre esta disciplina y es fundamental, las empresas necesitan tener m\u00e1s profesionales en comercio exterior para ayudarlas a dise\u00f1ar una estrategia de exportaci\u00f3n adem\u00e1s de la operatoria. Cumple un vac\u00edo que es importante que se llene. Creo que tendr\u00e1 una salida laboral enorme. No puedo estar m\u00e1s contento y apoyar fuertemente la creaci\u00f3n de esta Especializaci\u00f3n\u201d.<\/p>\n<p style=\"font-weight: 400\">Por su parte, el Mg. Humberto D\u00b4Arterio, explic\u00f3 c\u00f3mo surgi\u00f3 la iniciativa de crear esta Especializaci\u00f3n y destac\u00f3 el compromiso de la Profesora Mar\u00eda Jos\u00e9 Granado, \u201cuna docente, investigadora, apasionada por su disciplina, que cree que con la formaci\u00f3n de Grado no es suficiente para expandir ese conocimiento\u201d. Adem\u00e1s, agreg\u00f3: \u201cCelebro esta oportunidad, como la creaci\u00f3n de otras carreras y simplemente creo que estamos cumpliendo con la misi\u00f3n que tiene la Secretar\u00eda: Generar las condiciones adecuadas para el fortalecimiento y desarrollo de nuestra oferta acad\u00e9mica de Posgrado, respondiendo a la creciente demanda de nuestra sociedad por m\u00e1s y mejor conocimiento\u201d.<\/p>\n<p style=\"font-weight: 400\">Finalmente, la Mg. Granado realiz\u00f3 la presentaci\u00f3n de la carrera, mostrando sus caracter\u00edsticas respecto a objetivos, modalidad de cursado, cuerpo docente, perfil del egresado y plan de estudios. La Profesora Granado agradeci\u00f3 a todos por asistir al acto y coment\u00f3 que su inquietud por generar un espacio de posgrado espec\u00edfico de Comercio Internacional surgi\u00f3 teniendo en cuenta \u201clo que implica el desaf\u00edo de exportar para las empresas, tratando de focalizarse en qu\u00e9 es lo que hace falta para que exporten\u201d. Adem\u00e1s, explic\u00f3 que la fundamentaci\u00f3n de la carrera \u201cest\u00e1 en la importancia del comercio internacional para el crecimiento y desarrollo del pa\u00eds y tambi\u00e9n para la regi\u00f3n\u201d.<\/p>\n","protected":false},"excerpt":{"rendered":"<p>El acto tuvo lugar el pasado martes y estuvo presidido por el Decano de nuestra Facultad, Mg. Jos\u00e9 Luis Jim\u00e9nez. Tambi\u00e9n, en el estrado estuvieron la Vicedecana, Mg. Mar\u00eda Liliana Pacheco, el Secretario de Posgrado e Investigaci\u00f3n de la Facultad, Mg. Jos\u00e9 Humberto D\u00b4Arterio y la Directora del nuevo posgrado, Mg. Mar\u00eda Jos\u00e9 Granado. Adem\u00e1s, [&hellip;]<\/p>\n","protected":false},"author":2,"featured_media":9584,"comment_status":"open","ping_status":"open","sticky":false,"template":"","format":"standard","meta":{"_et_pb_use_builder":"","_et_pb_old_content":"","_et_gb_content_width":"","footnotes":""},"categories":[4,5],"tags":[390,389,386,485,397],"_links":{"self":[{"href":"https:\/\/face.unt.edu.ar\/web\/wp-json\/wp\/v2\/posts\/9583"}],"collection":[{"href":"https:\/\/face.unt.edu.ar\/web\/wp-json\/wp\/v2\/posts"}],"about":[{"href":"https:\/\/face.unt.edu.ar\/web\/wp-json\/wp\/v2\/types\/post"}],"author":[{"embeddable":true,"href":"https:\/\/face.unt.edu.ar\/web\/wp-json\/wp\/v2\/users\/2"}],"replies":[{"embeddable":true,"href":"https:\/\/face.unt.edu.ar\/web\/wp-json\/wp\/v2\/comments?post=9583"}],"version-history":[{"count":1,"href":"https:\/\/face.unt.edu.ar\/web\/wp-json\/wp\/v2\/posts\/9583\/revisions"}],"predecessor-version":[{"id":9585,"href":"https:\/\/face.unt.edu.ar\/web\/wp-json\/wp\/v2\/posts\/9583\/revisions\/9585"}],"wp:featuredmedia":[{"embeddable":true,"href":"https:\/\/face.unt.edu.ar\/web\/wp-json\/wp\/v2\/media\/9584"}],"wp:attachment":[{"href":"https:\/\/face.unt.edu.ar\/web\/wp-json\/wp\/v2\/media?parent=9583"}],"wp:term":[{"taxonomy":"category","embeddable":true,"href":"https:\/\/face.unt.edu.ar\/web\/wp-json\/wp\/v2\/categories?post=9583"},{"taxonomy":"post_tag","embeddable":true,"href":"https:\/\/face.unt.edu.ar\/web\/wp-json\/wp\/v2\/tags?post=9583"}],"curies":[{"name":"wp","href":"https:\/\/api.w.org\/{rel}","templated":true}]}}