{"id":9741,"date":"2019-11-08T12:00:18","date_gmt":"2019-11-08T12:00:18","guid":{"rendered":"http:\/\/face.unt.edu.ar\/web\/?p=9741"},"modified":"2019-11-08T12:01:20","modified_gmt":"2019-11-08T12:01:20","slug":"juan-manuel-abal-medina-y-diego-reynoso-disertaran-en-nuestra-facultad","status":"publish","type":"post","link":"https:\/\/face.unt.edu.ar\/web\/blog\/juan-manuel-abal-medina-y-diego-reynoso-disertaran-en-nuestra-facultad\/","title":{"rendered":"Juan Manuel Abal Medina y Diego Reynoso  disertar\u00e1n en nuestra Facultad"},"content":{"rendered":"<p style=\"font-weight: 400\">En el marco del lanzamiento de la carrera de Posgrado\u00a0<strong>Especializaci\u00f3n en Administraci\u00f3n y Pol\u00edticas P\u00fablicas<\/strong>, se realizar\u00e1n dos\u00a0<strong>Conferencias<\/strong>\u00a0en nuestra Facultad: por un lado, el\u00a0<strong>Dr. Juan Manuel Abal Medina<\/strong>, expondr\u00e1 sobre \u201cDemocracia, Partidos y Pol\u00edticas P\u00fablicas\u201d. Por su parte, el\u00a0<strong>Dr. Diego Reynoso<\/strong>, disertar\u00e1 sobre \u201cEl espacio pol\u00edtico de competencia, distribuci\u00f3n del electorado y posicionamiento estrat\u00e9gico\u201d.<\/p>\n<p style=\"font-weight: 400\">Ambas conferencias tendr\u00e1n lugar el\u00a0<strong>mi\u00e9rcoles 13 de noviembre, a las 18:00 horas, en el Aula Magna<\/strong>\u00a0de nuestra Facultad (Av. Independencia 1.900 \u2013 San Miguel de Tucum\u00e1n).<\/p>\n<p style=\"font-weight: 400\">Si bien es una actividad gratuita, requiere inscripci\u00f3n online previa a trav\u00e9s del siguiente formulario: <a href=\"https:\/\/forms.gle\/7Hs7ugfqTTpnSfc29\" target=\"_blank\" rel=\"noopener noreferrer\">https:\/\/forms.gle\/7Hs7ugfqTTpnSfc29<\/a><\/p>\n<p style=\"font-weight: 400\">Cabe destacar que la carrera de Posgrado Especializaci\u00f3n en Administraci\u00f3n y Pol\u00edticas P\u00fablicas iniciar\u00e1 su dictado en 2020 y se trata de una iniciativa que se realiza de manera conjunta entre nuestra Facultad y la\u00a0<strong>Escuela de Gobierno de la Provincia de Tucum\u00e1n<\/strong>.<\/p>\n<p style=\"font-weight: 400\"><a href=\"http:\/\/face.unt.edu.ar\/web\/wp-content\/uploads\/2019\/11\/75640771_1401540086681515_5597506692192403456_o.jpg\"><img decoding=\"async\" loading=\"lazy\" class=\" wp-image-9744 aligncenter\" src=\"http:\/\/face.unt.edu.ar\/web\/wp-content\/uploads\/2019\/11\/75640771_1401540086681515_5597506692192403456_o-300x300.jpg\" alt=\"\" width=\"502\" height=\"502\" srcset=\"https:\/\/face.unt.edu.ar\/web\/wp-content\/uploads\/2019\/11\/75640771_1401540086681515_5597506692192403456_o-300x300.jpg 300w, https:\/\/face.unt.edu.ar\/web\/wp-content\/uploads\/2019\/11\/75640771_1401540086681515_5597506692192403456_o-150x150.jpg 150w, https:\/\/face.unt.edu.ar\/web\/wp-content\/uploads\/2019\/11\/75640771_1401540086681515_5597506692192403456_o-768x768.jpg 768w, https:\/\/face.unt.edu.ar\/web\/wp-content\/uploads\/2019\/11\/75640771_1401540086681515_5597506692192403456_o-696x696.jpg 696w, https:\/\/face.unt.edu.ar\/web\/wp-content\/uploads\/2019\/11\/75640771_1401540086681515_5597506692192403456_o-420x420.jpg 420w, https:\/\/face.unt.edu.ar\/web\/wp-content\/uploads\/2019\/11\/75640771_1401540086681515_5597506692192403456_o-840x840.jpg 840w, https:\/\/face.unt.edu.ar\/web\/wp-content\/uploads\/2019\/11\/75640771_1401540086681515_5597506692192403456_o.jpg 960w\" sizes=\"(max-width: 502px) 100vw, 502px\" \/><\/a> <a href=\"http:\/\/face.unt.edu.ar\/web\/wp-content\/uploads\/2019\/11\/75279205_1401541923347998_6937745344214073344_o.jpg\"><img decoding=\"async\" loading=\"lazy\" class=\" wp-image-9745 aligncenter\" src=\"http:\/\/face.unt.edu.ar\/web\/wp-content\/uploads\/2019\/11\/75279205_1401541923347998_6937745344214073344_o-300x300.jpg\" alt=\"\" width=\"491\" height=\"491\" srcset=\"https:\/\/face.unt.edu.ar\/web\/wp-content\/uploads\/2019\/11\/75279205_1401541923347998_6937745344214073344_o-300x300.jpg 300w, https:\/\/face.unt.edu.ar\/web\/wp-content\/uploads\/2019\/11\/75279205_1401541923347998_6937745344214073344_o-150x150.jpg 150w, https:\/\/face.unt.edu.ar\/web\/wp-content\/uploads\/2019\/11\/75279205_1401541923347998_6937745344214073344_o-768x768.jpg 768w, https:\/\/face.unt.edu.ar\/web\/wp-content\/uploads\/2019\/11\/75279205_1401541923347998_6937745344214073344_o-696x696.jpg 696w, https:\/\/face.unt.edu.ar\/web\/wp-content\/uploads\/2019\/11\/75279205_1401541923347998_6937745344214073344_o-420x420.jpg 420w, https:\/\/face.unt.edu.ar\/web\/wp-content\/uploads\/2019\/11\/75279205_1401541923347998_6937745344214073344_o-840x840.jpg 840w, https:\/\/face.unt.edu.ar\/web\/wp-content\/uploads\/2019\/11\/75279205_1401541923347998_6937745344214073344_o.jpg 960w\" sizes=\"(max-width: 491px) 100vw, 491px\" \/><\/a><\/p>\n","protected":false},"excerpt":{"rendered":"<p>En el marco del lanzamiento de la carrera de Posgrado\u00a0Especializaci\u00f3n en Administraci\u00f3n y Pol\u00edticas P\u00fablicas, se realizar\u00e1n dos\u00a0Conferencias\u00a0en nuestra Facultad: por un lado, el\u00a0Dr. Juan Manuel Abal Medina, expondr\u00e1 sobre \u201cDemocracia, Partidos y Pol\u00edticas P\u00fablicas\u201d. Por su parte, el\u00a0Dr. Diego Reynoso, disertar\u00e1 sobre \u201cEl espacio pol\u00edtico de competencia, distribuci\u00f3n del electorado y posicionamiento estrat\u00e9gico\u201d. Ambas [&hellip;]<\/p>\n","protected":false},"author":2,"featured_media":9743,"comment_status":"open","ping_status":"open","sticky":false,"template":"","format":"standard","meta":{"_et_pb_use_builder":"","_et_pb_old_content":"","_et_gb_content_width":"","footnotes":""},"categories":[4],"tags":[527,433,389,526,500],"_links":{"self":[{"href":"https:\/\/face.unt.edu.ar\/web\/wp-json\/wp\/v2\/posts\/9741"}],"collection":[{"href":"https:\/\/face.unt.edu.ar\/web\/wp-json\/wp\/v2\/posts"}],"about":[{"href":"https:\/\/face.unt.edu.ar\/web\/wp-json\/wp\/v2\/types\/post"}],"author":[{"embeddable":true,"href":"https:\/\/face.unt.edu.ar\/web\/wp-json\/wp\/v2\/users\/2"}],"replies":[{"embeddable":true,"href":"https:\/\/face.unt.edu.ar\/web\/wp-json\/wp\/v2\/comments?post=9741"}],"version-history":[{"count":2,"href":"https:\/\/face.unt.edu.ar\/web\/wp-json\/wp\/v2\/posts\/9741\/revisions"}],"predecessor-version":[{"id":9746,"href":"https:\/\/face.unt.edu.ar\/web\/wp-json\/wp\/v2\/posts\/9741\/revisions\/9746"}],"wp:featuredmedia":[{"embeddable":true,"href":"https:\/\/face.unt.edu.ar\/web\/wp-json\/wp\/v2\/media\/9743"}],"wp:attachment":[{"href":"https:\/\/face.unt.edu.ar\/web\/wp-json\/wp\/v2\/media?parent=9741"}],"wp:term":[{"taxonomy":"category","embeddable":true,"href":"https:\/\/face.unt.edu.ar\/web\/wp-json\/wp\/v2\/categories?post=9741"},{"taxonomy":"post_tag","embeddable":true,"href":"https:\/\/face.unt.edu.ar\/web\/wp-json\/wp\/v2\/tags?post=9741"}],"curies":[{"name":"wp","href":"https:\/\/api.w.org\/{rel}","templated":true}]}}