{"id":9751,"date":"2019-11-14T20:55:11","date_gmt":"2019-11-14T20:55:11","guid":{"rendered":"http:\/\/face.unt.edu.ar\/web\/?p=9751"},"modified":"2019-11-14T20:55:11","modified_gmt":"2019-11-14T20:55:11","slug":"reunion-de-discusion-estimacion-del-costo-de-capital-para-empresas-de-servicios-publicos-regulados","status":"publish","type":"post","link":"https:\/\/face.unt.edu.ar\/web\/blog\/reunion-de-discusion-estimacion-del-costo-de-capital-para-empresas-de-servicios-publicos-regulados\/","title":{"rendered":"Reuni\u00f3n de Discusi\u00f3n: \u00abEstimaci\u00f3n del costo de capital para empresas de servicios p\u00fablicos regulados\u00bb"},"content":{"rendered":"<p>Se realizar\u00e1 una la Reuni\u00f3n de Discusi\u00f3n sobre el tema <strong>\u00abEstimaci\u00f3n del costo de capital para empresas de servicios p\u00fablicos regulados\u00bb<\/strong>. La misma estar\u00e1 a cargo de Mar\u00eda <strong>Valentina Medina<\/strong> y\u00a0<strong>Juan Manuel Apaza<\/strong>.<\/p>\n<p>Ser\u00e1 este viernes 15 de noviembre a las 9.00 en el aula 13 de nuestra Facultad, organizada por el Instituto de Investigaciones Econ\u00f3micas (INVECO).<\/p>\n","protected":false},"excerpt":{"rendered":"<p>Se realizar\u00e1 una la Reuni\u00f3n de Discusi\u00f3n sobre el tema \u00abEstimaci\u00f3n del costo de capital para empresas de servicios p\u00fablicos regulados\u00bb. La misma estar\u00e1 a cargo de Mar\u00eda Valentina Medina y\u00a0Juan Manuel Apaza. Ser\u00e1 este viernes 15 de noviembre a las 9.00 en el aula 13 de nuestra Facultad, organizada por el Instituto de Investigaciones [&hellip;]<\/p>\n","protected":false},"author":2,"featured_media":8712,"comment_status":"open","ping_status":"open","sticky":false,"template":"","format":"standard","meta":{"_et_pb_use_builder":"","_et_pb_old_content":"","_et_gb_content_width":"","footnotes":""},"categories":[4],"tags":[389,34],"_links":{"self":[{"href":"https:\/\/face.unt.edu.ar\/web\/wp-json\/wp\/v2\/posts\/9751"}],"collection":[{"href":"https:\/\/face.unt.edu.ar\/web\/wp-json\/wp\/v2\/posts"}],"about":[{"href":"https:\/\/face.unt.edu.ar\/web\/wp-json\/wp\/v2\/types\/post"}],"author":[{"embeddable":true,"href":"https:\/\/face.unt.edu.ar\/web\/wp-json\/wp\/v2\/users\/2"}],"replies":[{"embeddable":true,"href":"https:\/\/face.unt.edu.ar\/web\/wp-json\/wp\/v2\/comments?post=9751"}],"version-history":[{"count":1,"href":"https:\/\/face.unt.edu.ar\/web\/wp-json\/wp\/v2\/posts\/9751\/revisions"}],"predecessor-version":[{"id":9752,"href":"https:\/\/face.unt.edu.ar\/web\/wp-json\/wp\/v2\/posts\/9751\/revisions\/9752"}],"wp:featuredmedia":[{"embeddable":true,"href":"https:\/\/face.unt.edu.ar\/web\/wp-json\/wp\/v2\/media\/8712"}],"wp:attachment":[{"href":"https:\/\/face.unt.edu.ar\/web\/wp-json\/wp\/v2\/media?parent=9751"}],"wp:term":[{"taxonomy":"category","embeddable":true,"href":"https:\/\/face.unt.edu.ar\/web\/wp-json\/wp\/v2\/categories?post=9751"},{"taxonomy":"post_tag","embeddable":true,"href":"https:\/\/face.unt.edu.ar\/web\/wp-json\/wp\/v2\/tags?post=9751"}],"curies":[{"name":"wp","href":"https:\/\/api.w.org\/{rel}","templated":true}]}}