{"id":9956,"date":"2019-12-27T13:37:38","date_gmt":"2019-12-27T13:37:38","guid":{"rendered":"http:\/\/face.unt.edu.ar\/web\/?p=9956"},"modified":"2019-12-27T13:37:38","modified_gmt":"2019-12-27T13:37:38","slug":"nuestra-facultad-sera-sede-del-primer-congreso-internacional-de-ciencias-economicas-de-la-redface","status":"publish","type":"post","link":"https:\/\/face.unt.edu.ar\/web\/blog\/nuestra-facultad-sera-sede-del-primer-congreso-internacional-de-ciencias-economicas-de-la-redface\/","title":{"rendered":"Nuestra Facultad ser\u00e1 sede del Primer Congreso Internacional de Ciencias Econ\u00f3micas de la REDFACE"},"content":{"rendered":"<p style=\"font-weight: 400\">El\u00a0<strong>Primer Congreso Nacional e internacional de Ciencias Econ\u00f3micas (CONICE)\u00a0<\/strong>se realizar\u00e1 los d\u00edas<strong>\u00a003, 04 y 05 de Junio de 2020<\/strong>, con sede en nuestra Casa de Estudios. Es organizado por la\u00a0<strong>Red de Facultades de Ciencias Econ\u00f3micas del Norte Argentino (REDFACE)<\/strong>\u00a0de la cual nuestra instituci\u00f3n forma parte<strong>.<\/strong><\/p>\n<p style=\"font-weight: 400\">El encuentro se realiza con el objetivo de posibilitar un espacio de intercambio, socializaci\u00f3n y transferencia de conocimientos y pr\u00e1cticas actuales relacionadas a las ciencias econ\u00f3micas (Administraci\u00f3n, Contabilidad y Econom\u00eda). Habr\u00e1 conferencias, paneles de expertos y experiencias de profesionales.<\/p>\n<p style=\"font-weight: 400\">El Congreso est\u00e1\u00a0<strong>destinado a docentes, investigadores, profesionales y estudiantes universitarios<\/strong>.<\/p>\n<p style=\"font-weight: 400\">A continuaci\u00f3n se adjunta la Primera Comunicaci\u00f3n, donde podr\u00e1n encontrar informaci\u00f3n sobre fechas importantes, ejes tem\u00e1ticos y modalidad de presentaci\u00f3n de los trabajos y medios de contacto para informes e inscripci\u00f3n, entre otros detalles.<\/p>\n<p><b><a title=\"\" href=\"http:\/\/64104.clicks.dattanet.com\/track\/click?u=2107266&amp;p=36343130343a3835303a3733343a303a323a30&amp;s=83d6f693f2e9c37c59de92fe4b20fdd7&amp;m=1\" target=\"_blank\" rel=\"noopener noreferrer\" data-saferedirecturl=\"https:\/\/www.google.com\/url?q=http:\/\/64104.clicks.dattanet.com\/track\/click?u%3D2107266%26p%3D36343130343a3835303a3733343a303a323a30%26s%3D83d6f693f2e9c37c59de92fe4b20fdd7%26m%3D1&amp;source=gmail&amp;ust=1577539691603000&amp;usg=AFQjCNHY6SrBaIOlC_KlUsXC-bNz4FCimA\">Descargar aqu\u00ed \u2013 Primera comunicaci\u00f3n CONICE 2020<\/a><\/b><\/p>\n<p>Los interesados tambi\u00e9n pueden visitar la Web\u00a0 \u00a0<strong><a href=\"https:\/\/face.unt.edu.ar\/web\/conice2020\/\" target=\"_blank\" rel=\"noopener noreferrer\" data-saferedirecturl=\"https:\/\/www.google.com\/url?q=http:\/\/64104.clicks.dattanet.com\/track\/click?u%3D2107281%26p%3D36343130343a3835303a3733343a303a343a30%26s%3D83d6f693f2e9c37c59de92fe4b20fdd7%26m%3D1&amp;source=gmail&amp;ust=1577539691603000&amp;usg=AFQjCNEpwB3kZ-2Xrq1kcdtYZDg03eVhLA\"><span style=\"color: #061ad3\">www.face.unt.edu.ar\/web\/conice2020\/<\/span><\/a><\/strong><\/p>\n","protected":false},"excerpt":{"rendered":"<p>El\u00a0Primer Congreso Nacional e internacional de Ciencias Econ\u00f3micas (CONICE)\u00a0se realizar\u00e1 los d\u00edas\u00a003, 04 y 05 de Junio de 2020, con sede en nuestra Casa de Estudios. Es organizado por la\u00a0Red de Facultades de Ciencias Econ\u00f3micas del Norte Argentino (REDFACE)\u00a0de la cual nuestra instituci\u00f3n forma parte. El encuentro se realiza con el objetivo de posibilitar un [&hellip;]<\/p>\n","protected":false},"author":2,"featured_media":9957,"comment_status":"open","ping_status":"open","sticky":false,"template":"","format":"standard","meta":{"_et_pb_use_builder":"","_et_pb_old_content":"","_et_gb_content_width":"","footnotes":""},"categories":[4],"tags":[371],"_links":{"self":[{"href":"https:\/\/face.unt.edu.ar\/web\/wp-json\/wp\/v2\/posts\/9956"}],"collection":[{"href":"https:\/\/face.unt.edu.ar\/web\/wp-json\/wp\/v2\/posts"}],"about":[{"href":"https:\/\/face.unt.edu.ar\/web\/wp-json\/wp\/v2\/types\/post"}],"author":[{"embeddable":true,"href":"https:\/\/face.unt.edu.ar\/web\/wp-json\/wp\/v2\/users\/2"}],"replies":[{"embeddable":true,"href":"https:\/\/face.unt.edu.ar\/web\/wp-json\/wp\/v2\/comments?post=9956"}],"version-history":[{"count":1,"href":"https:\/\/face.unt.edu.ar\/web\/wp-json\/wp\/v2\/posts\/9956\/revisions"}],"predecessor-version":[{"id":9958,"href":"https:\/\/face.unt.edu.ar\/web\/wp-json\/wp\/v2\/posts\/9956\/revisions\/9958"}],"wp:featuredmedia":[{"embeddable":true,"href":"https:\/\/face.unt.edu.ar\/web\/wp-json\/wp\/v2\/media\/9957"}],"wp:attachment":[{"href":"https:\/\/face.unt.edu.ar\/web\/wp-json\/wp\/v2\/media?parent=9956"}],"wp:term":[{"taxonomy":"category","embeddable":true,"href":"https:\/\/face.unt.edu.ar\/web\/wp-json\/wp\/v2\/categories?post=9956"},{"taxonomy":"post_tag","embeddable":true,"href":"https:\/\/face.unt.edu.ar\/web\/wp-json\/wp\/v2\/tags?post=9956"}],"curies":[{"name":"wp","href":"https:\/\/api.w.org\/{rel}","templated":true}]}}